{"id":6447,"date":"2016-06-10T13:07:00","date_gmt":"2016-06-10T12:07:00","guid":{"rendered":"http:\/\/www.bratislavadesignweek.sk\/?p=6447"},"modified":"2024-09-25T12:18:52","modified_gmt":"2024-09-25T10:18:52","slug":"atelier-industrial-design-vsvu-bratislava","status":"publish","type":"post","link":"https:\/\/www.bratislavadesignweek.sk\/en\/atelier-industrial-design-vsvu-bratislava\/","title":{"rendered":"Industrial design studio, V\u0160VU Bratislava"},"content":{"rendered":"<p>[vc_column_text pb_margin_bottom=&#8220;no&#8220; pb_border_bottom=&#8220;no&#8220; width=&#8220;1\/2&#8243; el_position=&#8220;first&#8220;]<\/p>\n<p class=\"impact-text\">Industrial design studio \/ V\u0160VU Bratislava<\/p>\n<p>&nbsp;<\/p>\n<p>Students of the Industrial design studio of the Academy of Fine Arts under the guidance of doc. Ferdinand Chrenka, akad. Sculptor, will present a selection of the latest semester works, which were created in cooperation with the Slovak representative of the Italian company Artemide. This leading European brand specialised in lighting has in its portfolio a representation of technically advanced, but also atmospheric lighting fixtures and is also known for its regular cooperation with the world's top designers.<\/p>\n<p>&nbsp;<\/p>\n<p>[button colour=\"grey\" type=\"0\u2033 size=\"small\" link=\"http:\/\/www.vsvu.sk\" target=\"_self\"]www.vsvu.sk[\/button]<\/p>\n<p>[\/vc_column_text] [vc_column_text pb_margin_bottom=&#8220;no&#8220; pb_border_bottom=&#8220;no&#8220; width=&#8220;1\/2&#8243; el_position=&#8220;last&#8220;]<\/p>\n<p><a href=\"http:\/\/www.bratislavadesignweek.sk\/wp-content\/uploads\/2016\/06\/all-artemide_export-smaller.jpg\"><img fetchpriority=\"high\" decoding=\"async\" class=\"alignnone size-large wp-image-6448\" src=\"http:\/\/www.bratislavadesignweek.sk\/wp-content\/uploads\/2016\/06\/all-artemide_export-smaller-1024x614.jpg\" alt=\"all artemide_export smaller\" width=\"1024\" height=\"614\" \/><\/a><\/p>\n<p>&nbsp;<\/p>\n<p>[\/vc_column_text]<\/p>","protected":false},"excerpt":{"rendered":"<p>[vc_column_text pb_margin_bottom=&#8220;no&#8220; pb_border_bottom=&#8220;no&#8220; width=&#8220;1\/2&#8243; el_position=&#8220;first&#8220;] Ateli\u00e9r \u00a0Industrial design\u00a0\/\u00a0V\u0160VU Bratislava &nbsp; \u0160tudenti ateli\u00e9ru Industrial design V\u0160VU pod veden\u00edm doc. Ferdinanda Chrenku, akad. soch. predstavia v\u00fdber z\u00a0najnov\u0161\u00edch semestr\u00e1lnych pr\u00e1c, ktor\u00e9 vznikli v\u00a0spolupr\u00e1ci so slovensk\u00fdm z\u00e1stupcom talianskej firmy Artemide. T\u00e1to popredn\u00e1 eur\u00f3pska zna\u010dka \u0161pecializovan\u00e1 na osvetlenie m\u00e1 vo svojom portf\u00f3liu zast\u00fapenie technicky vyspel\u00fdch, ale aj atmosf\u00e9rick\u00fdch svietidiel a [&hellip;]<\/p>","protected":false},"author":5,"featured_media":0,"comment_status":"closed","ping_status":"closed","sticky":false,"template":"","format":"standard","meta":{"footnotes":""},"categories":[783,661],"tags":[550,161],"_links":{"self":[{"href":"https:\/\/www.bratislavadesignweek.sk\/en\/wp-json\/wp\/v2\/posts\/6447"}],"collection":[{"href":"https:\/\/www.bratislavadesignweek.sk\/en\/wp-json\/wp\/v2\/posts"}],"about":[{"href":"https:\/\/www.bratislavadesignweek.sk\/en\/wp-json\/wp\/v2\/types\/post"}],"author":[{"embeddable":true,"href":"https:\/\/www.bratislavadesignweek.sk\/en\/wp-json\/wp\/v2\/users\/5"}],"replies":[{"embeddable":true,"href":"https:\/\/www.bratislavadesignweek.sk\/en\/wp-json\/wp\/v2\/comments?post=6447"}],"version-history":[{"count":1,"href":"https:\/\/www.bratislavadesignweek.sk\/en\/wp-json\/wp\/v2\/posts\/6447\/revisions"}],"predecessor-version":[{"id":6449,"href":"https:\/\/www.bratislavadesignweek.sk\/en\/wp-json\/wp\/v2\/posts\/6447\/revisions\/6449"}],"wp:attachment":[{"href":"https:\/\/www.bratislavadesignweek.sk\/en\/wp-json\/wp\/v2\/media?parent=6447"}],"wp:term":[{"taxonomy":"category","embeddable":true,"href":"https:\/\/www.bratislavadesignweek.sk\/en\/wp-json\/wp\/v2\/categories?post=6447"},{"taxonomy":"post_tag","embeddable":true,"href":"https:\/\/www.bratislavadesignweek.sk\/en\/wp-json\/wp\/v2\/tags?post=6447"}],"curies":[{"name":"wp","href":"https:\/\/api.w.org\/{rel}","templated":true}]}}