{"id":6457,"date":"2016-05-30T13:24:43","date_gmt":"2016-05-30T12:24:43","guid":{"rendered":"http:\/\/www.bratislavadesignweek.sk\/?p=6457"},"modified":"2024-09-25T12:18:18","modified_gmt":"2024-09-25T10:18:18","slug":"workshop-moja-letna-cesta-2","status":"publish","type":"post","link":"https:\/\/www.bratislavadesignweek.sk\/en\/workshop-moja-letna-cesta-2\/","title":{"rendered":"WORKSHOP Moja letn\u00e1 cesta"},"content":{"rendered":"<p>[vc_column_text pb_margin_bottom=&#8220;no&#8220; pb_border_bottom=&#8220;no&#8220; width=&#8220;1\/2&#8243; el_position=&#8220;first&#8220;]<\/p>\n<p class=\"impact-text\">WORKSHOP Moja letn\u00e1 cesta<\/p>\n<p>&nbsp;<\/p>\n<p><strong>Nede\u013ea o 14.00,\u00a0Franti\u0161k\u00e1nska z\u00e1hrada, Ur\u0161ul\u00ednska ulica<\/strong><\/p>\n<p>Tvoriv\u00e9 popoludnie pre deti, po\u010das ktor\u00e9ho si spolo\u010dne na pestrofarebn\u00fd papiere od firmy Antalis nakresl\u00edme pl\u00e1n letnej cesty, vyrob\u00edme z neho ruksak a dopln\u00edme ho skic\u00e1rom na kresby \u010di z\u00e1pisky z pr\u00e1zdninov\u00e9ho putovania.<\/p>\n<p>Lektorky: Veronika Markovi\u010dov\u00e1 a Nat\u00e1lia Velk\u00e1<\/p>\n<p>Vstup vo\u013en\u00fd!<\/p>\n<p>&nbsp;<\/p>\n<p>[\/vc_column_text] [vc_column_text pb_margin_bottom=&#8220;no&#8220; pb_border_bottom=&#8220;no&#8220; width=&#8220;1\/2&#8243; el_position=&#8220;last&#8220;]<\/p>\n<p><a href=\"http:\/\/www.bratislavadesignweek.sk\/wp-content\/uploads\/2016\/05\/workshop_na\u0161a-letn\u00e1-ceta_web.jpg\"><img fetchpriority=\"high\" decoding=\"async\" class=\"alignnone size-large wp-image-6482\" src=\"http:\/\/www.bratislavadesignweek.sk\/wp-content\/uploads\/2016\/05\/workshop_na\u0161a-letn\u00e1-ceta_web-700x1024.jpg\" alt=\"workshop_na\u0161a letn\u00e1 ceta_web\" width=\"700\" height=\"1024\" \/><\/a><\/p>\n<p>&nbsp;<\/p>\n<p>[\/vc_column_text]<\/p>","protected":false},"excerpt":{"rendered":"<p>[vc_column_text pb_margin_bottom=&#8220;no&#8220; pb_border_bottom=&#8220;no&#8220; width=&#8220;1\/2&#8243; el_position=&#8220;first&#8220;] WORKSHOP Moja letn\u00e1 cesta &nbsp; Nede\u013ea o 14.00,\u00a0Franti\u0161k\u00e1nska z\u00e1hrada, Ur\u0161ul\u00ednska ulica Tvoriv\u00e9 popoludnie pre deti, po\u010das ktor\u00e9ho si spolo\u010dne na pestrofarebn\u00fd papiere od firmy Antalis nakresl\u00edme pl\u00e1n letnej cesty, vyrob\u00edme z neho ruksak a dopln\u00edme ho skic\u00e1rom na kresby \u010di z\u00e1pisky z pr\u00e1zdninov\u00e9ho putovania. Lektorky: Veronika Markovi\u010dov\u00e1 a Nat\u00e1lia Velk\u00e1 [&hellip;]<\/p>","protected":false},"author":5,"featured_media":0,"comment_status":"closed","ping_status":"closed","sticky":false,"template":"","format":"standard","meta":{"footnotes":""},"categories":[634,783],"tags":[777],"_links":{"self":[{"href":"https:\/\/www.bratislavadesignweek.sk\/en\/wp-json\/wp\/v2\/posts\/6457"}],"collection":[{"href":"https:\/\/www.bratislavadesignweek.sk\/en\/wp-json\/wp\/v2\/posts"}],"about":[{"href":"https:\/\/www.bratislavadesignweek.sk\/en\/wp-json\/wp\/v2\/types\/post"}],"author":[{"embeddable":true,"href":"https:\/\/www.bratislavadesignweek.sk\/en\/wp-json\/wp\/v2\/users\/5"}],"replies":[{"embeddable":true,"href":"https:\/\/www.bratislavadesignweek.sk\/en\/wp-json\/wp\/v2\/comments?post=6457"}],"version-history":[{"count":4,"href":"https:\/\/www.bratislavadesignweek.sk\/en\/wp-json\/wp\/v2\/posts\/6457\/revisions"}],"predecessor-version":[{"id":6486,"href":"https:\/\/www.bratislavadesignweek.sk\/en\/wp-json\/wp\/v2\/posts\/6457\/revisions\/6486"}],"wp:attachment":[{"href":"https:\/\/www.bratislavadesignweek.sk\/en\/wp-json\/wp\/v2\/media?parent=6457"}],"wp:term":[{"taxonomy":"category","embeddable":true,"href":"https:\/\/www.bratislavadesignweek.sk\/en\/wp-json\/wp\/v2\/categories?post=6457"},{"taxonomy":"post_tag","embeddable":true,"href":"https:\/\/www.bratislavadesignweek.sk\/en\/wp-json\/wp\/v2\/tags?post=6457"}],"curies":[{"name":"wp","href":"https:\/\/api.w.org\/{rel}","templated":true}]}}