{"id":6473,"date":"2016-06-10T20:58:30","date_gmt":"2016-06-10T19:58:30","guid":{"rendered":"http:\/\/www.bratislavadesignweek.sk\/?p=6473"},"modified":"2024-09-25T12:18:52","modified_gmt":"2024-09-25T10:18:52","slug":"fotograficky-workshop","status":"publish","type":"post","link":"https:\/\/www.bratislavadesignweek.sk\/en\/fotograficky-workshop\/","title":{"rendered":"Photographic WORKSHOP"},"content":{"rendered":"<p>[vc_column_text pb_margin_bottom=&#8220;no&#8220; pb_border_bottom=&#8220;no&#8220; width=&#8220;1\/2&#8243; el_position=&#8220;first&#8220;]<\/p>\n<p class=\"impact-text\">Photographic WORKSHOP<\/p>\n<p>&nbsp;<\/p>\n<p><strong>Centr\u00e1la 2, OD Dunaj, 2nd floor. \/ 11 June 2016 at 14.00<\/strong><\/p>\n<p>What impact does design have on our journey? Can it make us see the world around us differently? On Saturday, we will do a photographic \"research\" together, combined with a tour of the C2 headquarters and a short walk through the city. Bring your camera (or other device that can take a photo).<\/p>\n<p>Lecturer:Dominika Jackuliakov\u00e1<\/p>\n<p>&nbsp;<\/p>\n<p>[\/vc_column_text] [vc_column_text pb_margin_bottom=&#8220;no&#8220; pb_border_bottom=&#8220;no&#8220; width=&#8220;1\/2&#8243; el_position=&#8220;last&#8220;]<\/p>\n<p><a href=\"http:\/\/www.bratislavadesignweek.sk\/wp-content\/uploads\/2016\/06\/13389377_10209627388939982_2071462729_o.jpg\"><img fetchpriority=\"high\" decoding=\"async\" class=\"alignnone size-large wp-image-6474\" src=\"http:\/\/www.bratislavadesignweek.sk\/wp-content\/uploads\/2016\/06\/13389377_10209627388939982_2071462729_o-1024x682.jpg\" alt=\"13389377_10209627388939982_2071462729_o\" width=\"1024\" height=\"682\" \/><\/a><\/p>\n<p>&nbsp;<\/p>\n<p>[\/vc_column_text]<\/p>","protected":false},"excerpt":{"rendered":"<p>[vc_column_text pb_margin_bottom=&#8220;no&#8220; pb_border_bottom=&#8220;no&#8220; width=&#8220;1\/2&#8243; el_position=&#8220;first&#8220;] Fotografick\u00fd WORKSHOP &nbsp; Centr\u00e1la 2, OD Dunaj, 2. posch.\u00a0\/ 11. j\u00fan 2016 o 14.00 Ak\u00fd vplyv m\u00e1 dizajn na na\u0161u cestu? M\u00f4\u017eme v\u010faka nemu vidie\u0165 svet okolo n\u00e1s inak? V sobotu si spolu sprav\u00edme fotografick\u00fd &#8220;v\u00fdskum&#8220;, spojen\u00fd s prehliadkou centr\u00e1ly C2 a kr\u00e1tkou prech\u00e1dzkou mestom. Prineste si so sebou fotoapar\u00e1t [&hellip;]<\/p>","protected":false},"author":5,"featured_media":0,"comment_status":"closed","ping_status":"closed","sticky":false,"template":"","format":"standard","meta":{"footnotes":""},"categories":[634,783],"tags":[779,778],"_links":{"self":[{"href":"https:\/\/www.bratislavadesignweek.sk\/en\/wp-json\/wp\/v2\/posts\/6473"}],"collection":[{"href":"https:\/\/www.bratislavadesignweek.sk\/en\/wp-json\/wp\/v2\/posts"}],"about":[{"href":"https:\/\/www.bratislavadesignweek.sk\/en\/wp-json\/wp\/v2\/types\/post"}],"author":[{"embeddable":true,"href":"https:\/\/www.bratislavadesignweek.sk\/en\/wp-json\/wp\/v2\/users\/5"}],"replies":[{"embeddable":true,"href":"https:\/\/www.bratislavadesignweek.sk\/en\/wp-json\/wp\/v2\/comments?post=6473"}],"version-history":[{"count":1,"href":"https:\/\/www.bratislavadesignweek.sk\/en\/wp-json\/wp\/v2\/posts\/6473\/revisions"}],"predecessor-version":[{"id":6475,"href":"https:\/\/www.bratislavadesignweek.sk\/en\/wp-json\/wp\/v2\/posts\/6473\/revisions\/6475"}],"wp:attachment":[{"href":"https:\/\/www.bratislavadesignweek.sk\/en\/wp-json\/wp\/v2\/media?parent=6473"}],"wp:term":[{"taxonomy":"category","embeddable":true,"href":"https:\/\/www.bratislavadesignweek.sk\/en\/wp-json\/wp\/v2\/categories?post=6473"},{"taxonomy":"post_tag","embeddable":true,"href":"https:\/\/www.bratislavadesignweek.sk\/en\/wp-json\/wp\/v2\/tags?post=6473"}],"curies":[{"name":"wp","href":"https:\/\/api.w.org\/{rel}","templated":true}]}}