{"id":6593,"date":"2017-04-04T16:33:36","date_gmt":"2017-04-04T15:33:36","guid":{"rendered":"http:\/\/www.bratislavadesignweek.sk\/?p=6593"},"modified":"2024-09-25T12:33:08","modified_gmt":"2024-09-25T10:33:08","slug":"sander-wassink","status":"publish","type":"post","link":"https:\/\/www.bratislavadesignweek.sk\/en\/sander-wassink\/","title":{"rendered":"Sander Wassink"},"content":{"rendered":"<p>[vc_column_text pb_margin_bottom=&#8220;no&#8220; pb_border_bottom=&#8220;no&#8220; width=&#8220;1\/2&#8243; el_position=&#8220;first&#8220;]<\/p>\n<p>&nbsp;<\/p>\n<p class=\"impact-text\">Sander Wassink<\/p>\n<p>Jeden z v\u00fdrazn\u00fdch talentov s\u00fa\u010dasnej holandskej dizajn\u00e9rskej sc\u00e9ny je Sander Wassink. Svoju tvorbu neohrani\u010duje \u017eiadnym materi\u00e1lom ani technol\u00f3giou. Naopak r\u00e1d mixuje, experimentuje, recykluje. Je divok\u00fd, energick\u00fd a r\u00e1d nar\u00fa\u0161a limity \u013eudsk\u00e9ho vn\u00edmania objektov a svojho okolia. Pre BADW priprav\u00ed \u0161peci\u00e1lnu in\u0161tal\u00e1ciu a uvid\u00edte ho aj v r\u00e1mci s\u00e9rie predn\u00e1\u0161ok na\u0161ich host\u00ed.<\/p>\n<p>[button colour=&#8220;grey&#8220; type=&#8220;0&#8243; size=&#8220;small&#8220; link=&#8220;http:\/\/www.sanderwassink.nl\/site\/&#8220; target=&#8220;_self&#8220;]www.sanderwassink.nl[\/button]<\/p>\n<p>[\/vc_column_text] [vc_column_text pb_margin_bottom=&#8220;no&#8220; pb_border_bottom=&#8220;no&#8220; width=&#8220;1\/2&#8243; el_position=&#8220;last&#8220;]<\/p>\n<p><a href=\"http:\/\/www.bratislavadesignweek.sk\/wp-content\/uploads\/2017\/04\/sander-wassink2.jpg\"><img fetchpriority=\"high\" decoding=\"async\" class=\"alignnone wp-image-6594\" src=\"http:\/\/www.bratislavadesignweek.sk\/wp-content\/uploads\/2017\/04\/sander-wassink2-300x201.jpg\" alt=\"\" width=\"475\" height=\"318\" srcset=\"https:\/\/www.bratislavadesignweek.sk\/wp-content\/uploads\/2017\/04\/sander-wassink2-300x201.jpg 300w, https:\/\/www.bratislavadesignweek.sk\/wp-content\/uploads\/2017\/04\/sander-wassink2-768x514.jpg 768w, https:\/\/www.bratislavadesignweek.sk\/wp-content\/uploads\/2017\/04\/sander-wassink2.jpg 990w\" sizes=\"(max-width: 475px) 100vw, 475px\" \/><\/a><\/p>\n<p>[\/vc_column_text]<\/p>","protected":false},"excerpt":{"rendered":"<p>[vc_column_text pb_margin_bottom=&#8220;no&#8220; pb_border_bottom=&#8220;no&#8220; width=&#8220;1\/2&#8243; el_position=&#8220;first&#8220;] &nbsp; Sander Wassink Jeden z v\u00fdrazn\u00fdch talentov s\u00fa\u010dasnej holandskej dizajn\u00e9rskej sc\u00e9ny je Sander Wassink. Svoju tvorbu neohrani\u010duje \u017eiadnym materi\u00e1lom ani technol\u00f3giou. Naopak r\u00e1d mixuje, experimentuje, recykluje. Je divok\u00fd, energick\u00fd a r\u00e1d nar\u00fa\u0161a limity \u013eudsk\u00e9ho vn\u00edmania objektov a svojho okolia. Pre BADW priprav\u00ed \u0161peci\u00e1lnu in\u0161tal\u00e1ciu a uvid\u00edte ho aj v r\u00e1mci [&hellip;]<\/p>","protected":false},"author":6,"featured_media":0,"comment_status":"closed","ping_status":"closed","sticky":false,"template":"","format":"standard","meta":{"footnotes":""},"categories":[634,895],"tags":[],"_links":{"self":[{"href":"https:\/\/www.bratislavadesignweek.sk\/en\/wp-json\/wp\/v2\/posts\/6593"}],"collection":[{"href":"https:\/\/www.bratislavadesignweek.sk\/en\/wp-json\/wp\/v2\/posts"}],"about":[{"href":"https:\/\/www.bratislavadesignweek.sk\/en\/wp-json\/wp\/v2\/types\/post"}],"author":[{"embeddable":true,"href":"https:\/\/www.bratislavadesignweek.sk\/en\/wp-json\/wp\/v2\/users\/6"}],"replies":[{"embeddable":true,"href":"https:\/\/www.bratislavadesignweek.sk\/en\/wp-json\/wp\/v2\/comments?post=6593"}],"version-history":[{"count":4,"href":"https:\/\/www.bratislavadesignweek.sk\/en\/wp-json\/wp\/v2\/posts\/6593\/revisions"}],"predecessor-version":[{"id":6646,"href":"https:\/\/www.bratislavadesignweek.sk\/en\/wp-json\/wp\/v2\/posts\/6593\/revisions\/6646"}],"wp:attachment":[{"href":"https:\/\/www.bratislavadesignweek.sk\/en\/wp-json\/wp\/v2\/media?parent=6593"}],"wp:term":[{"taxonomy":"category","embeddable":true,"href":"https:\/\/www.bratislavadesignweek.sk\/en\/wp-json\/wp\/v2\/categories?post=6593"},{"taxonomy":"post_tag","embeddable":true,"href":"https:\/\/www.bratislavadesignweek.sk\/en\/wp-json\/wp\/v2\/tags?post=6593"}],"curies":[{"name":"wp","href":"https:\/\/api.w.org\/{rel}","templated":true}]}}