{"id":6643,"date":"2017-04-06T18:20:49","date_gmt":"2017-04-06T17:20:49","guid":{"rendered":"http:\/\/www.bratislavadesignweek.sk\/?p=6643"},"modified":"2024-09-25T12:33:08","modified_gmt":"2024-09-25T10:33:08","slug":"centraly-badw-2017","status":"publish","type":"post","link":"https:\/\/www.bratislavadesignweek.sk\/en\/centraly-badw-2017\/","title":{"rendered":"Centr\u00e1ly BADW 2017"},"content":{"rendered":"<p>[vc_column_text pb_margin_bottom=&#8220;no&#8220; pb_border_bottom=&#8220;no&#8220; width=&#8220;2\/3&#8243; el_position=&#8220;first&#8220;]<\/p>\n<p>&nbsp;<\/p>\n<p class=\"impact-text\">Centr\u00e1ly BADW 2017<\/p>\n<p>&nbsp;<\/p>\n<p>BADW bude ma\u0165 tento rok tri centr\u00e1ly. Pre kur\u00e1torsk\u00fa \u010das\u0165 festivalu sme op\u00e4\u0165 vybrali priestory neskoro barokov\u00e9ho Erd\u00f6dyho pal\u00e1ca na Vent\u00farskej 1, kde v s\u00fa\u010dasnosti s\u00eddli ZOYA Gallery. Pal\u00e1c je z roku 1770 a bol postaven\u00fd pod\u013ea projektu Mateja Walocha. Gal\u00e9ria s\u00eddli na celom druhom poschod\u00ed a jej interi\u00e9ry si zachovali kr\u00e1sny historick\u00fd charakter.<\/p>\n<p>Druhou centr\u00e1lou ur\u010denou pre in\u0161tal\u00e1cie OPEN CALL bud\u00fa priestory s jedine\u010dnou atmosf\u00e9rou na Laurinskej 14 priamo nad bistrom Urban House a v goticky ve\u013ekolep\u00fdch Klarisk\u00e1ch sa budeme stret\u00e1va\u0165 pri moderovan\u00fdch podujatiach, diskusi\u00e1ch a pri koncertoch. Okrem toho pre v\u00e1s pripravujeme dizajn\u00e9rske in\u0161tal\u00e1cie aj v \u010fal\u0161\u00edch priestoroch.<\/p>\n<p>Viac info \u010doskoro.<\/p>\n<h4><\/h4>\n<h4><\/h4>\n<p>[\/vc_column_text] [vc_column_text pb_margin_bottom=&#8220;no&#8220; pb_border_bottom=&#8220;no&#8220; width=&#8220;1\/3&#8243; el_position=&#8220;last&#8220;]<\/p>\n<p><a href=\"http:\/\/www.bratislavadesignweek.sk\/wp-content\/uploads\/2016\/05\/zoya-badw.jpg\"><img fetchpriority=\"high\" decoding=\"async\" class=\"alignnone wp-image-6636\" src=\"http:\/\/www.bratislavadesignweek.sk\/wp-content\/uploads\/2016\/05\/zoya-badw-200x300.jpg\" alt=\"\" width=\"280\" height=\"420\" srcset=\"https:\/\/www.bratislavadesignweek.sk\/wp-content\/uploads\/2016\/05\/zoya-badw-200x300.jpg 200w, https:\/\/www.bratislavadesignweek.sk\/wp-content\/uploads\/2016\/05\/zoya-badw.jpg 640w\" sizes=\"(max-width: 280px) 100vw, 280px\" \/><\/a><\/p>\n<p>[\/vc_column_text]<\/p>","protected":false},"excerpt":{"rendered":"<p>[vc_column_text pb_margin_bottom=&#8220;no&#8220; pb_border_bottom=&#8220;no&#8220; width=&#8220;2\/3&#8243; el_position=&#8220;first&#8220;] &nbsp; Centr\u00e1ly BADW 2017 &nbsp; BADW bude ma\u0165 tento rok tri centr\u00e1ly. Pre kur\u00e1torsk\u00fa \u010das\u0165 festivalu sme op\u00e4\u0165 vybrali priestory neskoro barokov\u00e9ho Erd\u00f6dyho pal\u00e1ca na Vent\u00farskej 1, kde v s\u00fa\u010dasnosti s\u00eddli ZOYA Gallery. Pal\u00e1c je z roku 1770 a bol postaven\u00fd pod\u013ea projektu Mateja Walocha. Gal\u00e9ria s\u00eddli na celom druhom [&hellip;]<\/p>","protected":false},"author":6,"featured_media":0,"comment_status":"closed","ping_status":"closed","sticky":false,"template":"","format":"standard","meta":{"footnotes":""},"categories":[634,895],"tags":[],"_links":{"self":[{"href":"https:\/\/www.bratislavadesignweek.sk\/en\/wp-json\/wp\/v2\/posts\/6643"}],"collection":[{"href":"https:\/\/www.bratislavadesignweek.sk\/en\/wp-json\/wp\/v2\/posts"}],"about":[{"href":"https:\/\/www.bratislavadesignweek.sk\/en\/wp-json\/wp\/v2\/types\/post"}],"author":[{"embeddable":true,"href":"https:\/\/www.bratislavadesignweek.sk\/en\/wp-json\/wp\/v2\/users\/6"}],"replies":[{"embeddable":true,"href":"https:\/\/www.bratislavadesignweek.sk\/en\/wp-json\/wp\/v2\/comments?post=6643"}],"version-history":[{"count":9,"href":"https:\/\/www.bratislavadesignweek.sk\/en\/wp-json\/wp\/v2\/posts\/6643\/revisions"}],"predecessor-version":[{"id":6653,"href":"https:\/\/www.bratislavadesignweek.sk\/en\/wp-json\/wp\/v2\/posts\/6643\/revisions\/6653"}],"wp:attachment":[{"href":"https:\/\/www.bratislavadesignweek.sk\/en\/wp-json\/wp\/v2\/media?parent=6643"}],"wp:term":[{"taxonomy":"category","embeddable":true,"href":"https:\/\/www.bratislavadesignweek.sk\/en\/wp-json\/wp\/v2\/categories?post=6643"},{"taxonomy":"post_tag","embeddable":true,"href":"https:\/\/www.bratislavadesignweek.sk\/en\/wp-json\/wp\/v2\/tags?post=6643"}],"curies":[{"name":"wp","href":"https:\/\/api.w.org\/{rel}","templated":true}]}}