{"id":6679,"date":"2017-04-25T16:00:42","date_gmt":"2017-04-25T15:00:42","guid":{"rendered":"http:\/\/www.bratislavadesignweek.sk\/?p=6679"},"modified":"2024-09-25T12:33:08","modified_gmt":"2024-09-25T10:33:08","slug":"guglielmo-polleti","status":"publish","type":"post","link":"https:\/\/www.bratislavadesignweek.sk\/en\/guglielmo-polleti\/","title":{"rendered":"Guglielmo Poletti"},"content":{"rendered":"<p>[vc_column_text pb_margin_bottom=&#8220;no&#8220; pb_border_bottom=&#8220;no&#8220; width=&#8220;1\/2&#8243; el_position=&#8220;first&#8220;]<\/p>\n<p>&nbsp;<\/p>\n<p class=\"impact-text\">Guglielmo Poletti<\/p>\n<p>Dizajn\u00e9r p\u00f4vodom z Mil\u00e1na, ale aktu\u00e1lne \u017eije v Eidhovene, kde absolvoval progres\u00edvnu Design Academy. Ned\u00e1vno sa do Mil\u00e1na vr\u00e1til aby sa tam predstavil po\u010das mil\u00e1nskeho design weeku na prest\u00ed\u017enej adrese v Spazio Rossana Orlandi. Jej gal\u00e9ria ho bude aktu\u00e1lne aj zastupova\u0165. Poletti programovo vo svojej tvorbe sk\u00fama limity materi\u00e1lov. Ide do extr\u00e9mu, ale sna\u017e\u00ed sa o zachovanie funkcie a dar\u00ed sa mu to. Redukciou sa sna\u017e\u00ed obna\u017ei\u0165 podstatu objektu, uk\u00e1za\u0165 j<span class=\"text_exposed_show\">eho krehkos\u0165 a pevnos\u0165 z\u00e1rove\u0148. D\u00e1va do kontrastu objemy, experimentuje so spojovac\u00edmi prvkami. D\u00f4le\u017eit\u00fdm je pre neho skuto\u010dne porozumie\u0165 materi\u00e1lu. Na BADW sa predstav\u00ed na v\u00fdstave, ale aj predn\u00e1\u0161kou po\u010das BADW Design Lectures.<\/span><\/p>\n<p>[button colour=\"grey\" type=\"0\u2033 size=\"small\" link=\"http:\/\/<a href=\"http:\/\/guglielmopoletti.com\/\">www.guglielmopoletti.com<\/a>\/site\/&#8220; target=&#8220;_self&#8220;]www.guglielmopoletti.com[\/button]<\/p>\n<p>[\/vc_column_text] [vc_column_text pb_margin_bottom=&#8220;no&#8220; pb_border_bottom=&#8220;no&#8220; width=&#8220;1\/2&#8243; el_position=&#8220;last&#8220;]<\/p>\n<p>&nbsp;<\/p>\n<p><a href=\"http:\/\/www.bratislavadesignweek.sk\/wp-content\/uploads\/2017\/04\/badw-gugliemo.jpg\"><img fetchpriority=\"high\" decoding=\"async\" class=\"wp-image-6680 aligncenter\" src=\"http:\/\/www.bratislavadesignweek.sk\/wp-content\/uploads\/2017\/04\/badw-gugliemo-300x200.jpg\" alt=\"\" width=\"502\" height=\"334\" srcset=\"https:\/\/www.bratislavadesignweek.sk\/wp-content\/uploads\/2017\/04\/badw-gugliemo-300x200.jpg 300w, https:\/\/www.bratislavadesignweek.sk\/wp-content\/uploads\/2017\/04\/badw-gugliemo-768x512.jpg 768w, https:\/\/www.bratislavadesignweek.sk\/wp-content\/uploads\/2017\/04\/badw-gugliemo-1024x683.jpg 1024w, https:\/\/www.bratislavadesignweek.sk\/wp-content\/uploads\/2017\/04\/badw-gugliemo.jpg 1050w\" sizes=\"(max-width: 502px) 100vw, 502px\" \/><\/a><\/p>\n<p>[\/vc_column_text]<\/p>","protected":false},"excerpt":{"rendered":"<p>[vc_column_text pb_margin_bottom=&#8220;no&#8220; pb_border_bottom=&#8220;no&#8220; width=&#8220;1\/2&#8243; el_position=&#8220;first&#8220;] &nbsp; Guglielmo Poletti Dizajn\u00e9r p\u00f4vodom z Mil\u00e1na, ale aktu\u00e1lne \u017eije v Eidhovene, kde absolvoval progres\u00edvnu Design Academy. Ned\u00e1vno sa do Mil\u00e1na vr\u00e1til aby sa tam predstavil po\u010das mil\u00e1nskeho design weeku na prest\u00ed\u017enej adrese v Spazio Rossana Orlandi. Jej gal\u00e9ria ho bude aktu\u00e1lne aj zastupova\u0165. Poletti programovo vo svojej tvorbe sk\u00fama [&hellip;]<\/p>","protected":false},"author":6,"featured_media":0,"comment_status":"closed","ping_status":"closed","sticky":false,"template":"","format":"standard","meta":{"footnotes":""},"categories":[634,895],"tags":[],"_links":{"self":[{"href":"https:\/\/www.bratislavadesignweek.sk\/en\/wp-json\/wp\/v2\/posts\/6679"}],"collection":[{"href":"https:\/\/www.bratislavadesignweek.sk\/en\/wp-json\/wp\/v2\/posts"}],"about":[{"href":"https:\/\/www.bratislavadesignweek.sk\/en\/wp-json\/wp\/v2\/types\/post"}],"author":[{"embeddable":true,"href":"https:\/\/www.bratislavadesignweek.sk\/en\/wp-json\/wp\/v2\/users\/6"}],"replies":[{"embeddable":true,"href":"https:\/\/www.bratislavadesignweek.sk\/en\/wp-json\/wp\/v2\/comments?post=6679"}],"version-history":[{"count":3,"href":"https:\/\/www.bratislavadesignweek.sk\/en\/wp-json\/wp\/v2\/posts\/6679\/revisions"}],"predecessor-version":[{"id":6864,"href":"https:\/\/www.bratislavadesignweek.sk\/en\/wp-json\/wp\/v2\/posts\/6679\/revisions\/6864"}],"wp:attachment":[{"href":"https:\/\/www.bratislavadesignweek.sk\/en\/wp-json\/wp\/v2\/media?parent=6679"}],"wp:term":[{"taxonomy":"category","embeddable":true,"href":"https:\/\/www.bratislavadesignweek.sk\/en\/wp-json\/wp\/v2\/categories?post=6679"},{"taxonomy":"post_tag","embeddable":true,"href":"https:\/\/www.bratislavadesignweek.sk\/en\/wp-json\/wp\/v2\/tags?post=6679"}],"curies":[{"name":"wp","href":"https:\/\/api.w.org\/{rel}","templated":true}]}}