{"id":6690,"date":"2017-05-03T10:03:37","date_gmt":"2017-05-03T09:03:37","guid":{"rendered":"http:\/\/www.bratislavadesignweek.sk\/?p=6690"},"modified":"2024-09-25T12:21:30","modified_gmt":"2024-09-25T10:21:30","slug":"samy-rio","status":"publish","type":"post","link":"https:\/\/www.bratislavadesignweek.sk\/en\/samy-rio\/","title":{"rendered":"Samy Rio \/ Design Display Area"},"content":{"rendered":"<p>[vc_column_text pb_margin_bottom=&#8220;no&#8220; pb_border_bottom=&#8220;no&#8220; width=&#8220;1\/2&#8243; el_position=&#8220;first&#8220;]<\/p>\n<p>&nbsp;<\/p>\n<p class=\"impact-text\">Samy Rio<\/p>\n<p>Franc\u00fazsky dizajn\u00e9r, ktor\u00fd v sebe nesie trad\u00edciu delik\u00e1tnej formy tak ako ju pozn\u00e1me z dej\u00edn franc\u00fazskeho dizajnu. Okrem toho ale experimentuje napr\u00edklad s materi\u00e1lmi. D\u00f4le\u017eitou pre jeho kari\u00e9ru bola kolekcia, kde pracoval s bambusom. Jeho kusy elegantne zakomponoval do tradi\u010dnej formy napr\u00edklad su\u0161i\u010da vlasov, alebo reproduktorov pri zachovan\u00ed plnej funk\u010dnosti. Ukazuje tak mo\u017enosti vyu\u017eitia pr\u00edrodn\u00e9ho materi\u00e1lu v odvetv\u00ed kde st\u00e1le dominuj\u00fa plasty.<span class=\"text_exposed_show\"> Jeho vo\u013en\u00e1 tvorba je v\u0161ak ve\u013emi v\u00fdtvarn\u00e1, pracuje so sklom, drevom, mramorom. Jeho objekty s\u00fa v\u00fdrazne kompoz\u00edcie, ktor\u00e9 si ale uchov\u00e1vaj\u00fa iskriv\u00fa jednoduchos\u0165. Spolupracuje napr\u00edklad so sl\u00e1vnou manufakt\u00farou de S\u00e8vres, alebo prest\u00ed\u017enou par\u00ed\u017eskou gal\u00e9riou autorsk\u00e9ho dizajnu kreo. V roku 2015 vyhral hlavn\u00fa cenu DESIGN PARADE 10 organizovanou vo Villa Noailles.<\/span><\/p>\n<p>[button colour=\"grey\" type=\"0\u2033 size=\"small\" link=\"http:\/\/<a href=\"http:\/\/www.samyrio.fr\/\">www.samyrio.fr<\/a>\/site\/&#8220; target=&#8220;_self&#8220;]www.samyrio.fr[\/button]<\/p>\n<p>[\/vc_column_text] [vc_column_text pb_margin_bottom=&#8220;no&#8220; pb_border_bottom=&#8220;no&#8220; width=&#8220;1\/2&#8243; el_position=&#8220;last&#8220;]<\/p>\n<p>&nbsp;<\/p>\n<p>&nbsp;<\/p>\n<p><a href=\"http:\/\/www.bratislavadesignweek.sk\/wp-content\/uploads\/2017\/05\/sammy-rio.jpg\"><img fetchpriority=\"high\" decoding=\"async\" class=\"wp-image-6692 aligncenter\" src=\"http:\/\/www.bratislavadesignweek.sk\/wp-content\/uploads\/2017\/05\/sammy-rio-300x200.jpg\" alt=\"\" width=\"500\" height=\"333\" srcset=\"https:\/\/www.bratislavadesignweek.sk\/wp-content\/uploads\/2017\/05\/sammy-rio-300x200.jpg 300w, https:\/\/www.bratislavadesignweek.sk\/wp-content\/uploads\/2017\/05\/sammy-rio-768x512.jpg 768w, https:\/\/www.bratislavadesignweek.sk\/wp-content\/uploads\/2017\/05\/sammy-rio-1024x682.jpg 1024w, https:\/\/www.bratislavadesignweek.sk\/wp-content\/uploads\/2017\/05\/sammy-rio.jpg 1280w\" sizes=\"(max-width: 500px) 100vw, 500px\" \/><\/a><\/p>\n<p>[\/vc_column_text]<\/p>","protected":false},"excerpt":{"rendered":"<p>[vc_column_text pb_margin_bottom=&#8220;no&#8220; pb_border_bottom=&#8220;no&#8220; width=&#8220;1\/2&#8243; el_position=&#8220;first&#8220;] &nbsp; Samy Rio Franc\u00fazsky dizajn\u00e9r, ktor\u00fd v sebe nesie trad\u00edciu delik\u00e1tnej formy tak ako ju pozn\u00e1me z dej\u00edn franc\u00fazskeho dizajnu. Okrem toho ale experimentuje napr\u00edklad s materi\u00e1lmi. D\u00f4le\u017eitou pre jeho kari\u00e9ru bola kolekcia, kde pracoval s bambusom. Jeho kusy elegantne zakomponoval do tradi\u010dnej formy napr\u00edklad su\u0161i\u010da vlasov, alebo reproduktorov pri [&hellip;]<\/p>","protected":false},"author":6,"featured_media":0,"comment_status":"closed","ping_status":"closed","sticky":false,"template":"","format":"standard","meta":{"footnotes":""},"categories":[634,895],"tags":[],"_links":{"self":[{"href":"https:\/\/www.bratislavadesignweek.sk\/en\/wp-json\/wp\/v2\/posts\/6690"}],"collection":[{"href":"https:\/\/www.bratislavadesignweek.sk\/en\/wp-json\/wp\/v2\/posts"}],"about":[{"href":"https:\/\/www.bratislavadesignweek.sk\/en\/wp-json\/wp\/v2\/types\/post"}],"author":[{"embeddable":true,"href":"https:\/\/www.bratislavadesignweek.sk\/en\/wp-json\/wp\/v2\/users\/6"}],"replies":[{"embeddable":true,"href":"https:\/\/www.bratislavadesignweek.sk\/en\/wp-json\/wp\/v2\/comments?post=6690"}],"version-history":[{"count":5,"href":"https:\/\/www.bratislavadesignweek.sk\/en\/wp-json\/wp\/v2\/posts\/6690\/revisions"}],"predecessor-version":[{"id":7031,"href":"https:\/\/www.bratislavadesignweek.sk\/en\/wp-json\/wp\/v2\/posts\/6690\/revisions\/7031"}],"wp:attachment":[{"href":"https:\/\/www.bratislavadesignweek.sk\/en\/wp-json\/wp\/v2\/media?parent=6690"}],"wp:term":[{"taxonomy":"category","embeddable":true,"href":"https:\/\/www.bratislavadesignweek.sk\/en\/wp-json\/wp\/v2\/categories?post=6690"},{"taxonomy":"post_tag","embeddable":true,"href":"https:\/\/www.bratislavadesignweek.sk\/en\/wp-json\/wp\/v2\/tags?post=6690"}],"curies":[{"name":"wp","href":"https:\/\/api.w.org\/{rel}","templated":true}]}}