{"id":6695,"date":"2017-05-03T14:31:02","date_gmt":"2017-05-03T13:31:02","guid":{"rendered":"http:\/\/www.bratislavadesignweek.sk\/?p=6695"},"modified":"2024-09-25T12:21:30","modified_gmt":"2024-09-25T10:21:30","slug":"jorge-penades","status":"publish","type":"post","link":"https:\/\/www.bratislavadesignweek.sk\/en\/jorge-penades\/","title":{"rendered":"Jorge Penad\u00e9s \/ Design Display Area"},"content":{"rendered":"<p>[vc_column_text pb_margin_bottom=&#8220;no&#8220; pb_border_bottom=&#8220;no&#8220; width=&#8220;1\/2&#8243; el_position=&#8220;first&#8220;]<\/p>\n<p>&nbsp;<\/p>\n<p class=\"impact-text\">Jorge Penad\u00e9s<\/p>\n<p>Ozna\u010duj\u00fa ho za ve\u013ek\u00fd \u0161panielsk\u00fd talent. Jorge Penad\u00e9s je s\u00edce mlad\u00fd, ale sta\u010dil celkom rozv\u00edri\u0165 medi\u00e1lne vody a jeho dielo je u\u017e v st\u00e1lej zbierke Vitra Design Museum. Zauj\u00edmaj\u00fa ho neortodoxn\u00e9 my\u0161lienky, alternat\u00edvne postupy, viac zodpovednosti v dizajne v spolo\u010denskom, soci\u00e1lnom, kult\u00farnom, ekonomickom aj politickom kontexte. Jeho materi\u00e1lom je napr\u00edklad odpadov\u00e1 ko\u017ea, ktorej d\u00e1va nov\u00fd zmysel Jej stl\u00e1\u010dan\u00edm a lepen\u00edm vznik\u00e1 nov\u00e1 hmota s<span class=\"text_exposed_show\"> \u0161pecifick\u00fdmi vlastnos\u0165ami a efektn\u00fdmi \u0161trukt\u00farami na povrchu. Z nej n\u00e1sledne vytv\u00e1ra svoje objekty \u2013 zrkadl\u00e1, svietidl\u00e1, n\u00e1bytok a podobne. Aktu\u00e1lne z\u00edskal cenu AD Nov\u00e9 talenty ako najlep\u0161ie nov\u00e9 dizajn\u00e9rske \u0161t\u00fadio od \u010dasopisu Spanish Architectural Digest. <\/span><\/p>\n<p>[button colour=\"grey\" type=\"0\u2033 size=\"small\" link=\"http:\/\/<a href=\"http:\/\/www.jorgepenades.com\/home\/\">www.jorgepenades.com<\/a>\/site\/&#8220; target=&#8220;_self&#8220;]www.jorgepenades.com[\/button]<\/p>\n<p>[\/vc_column_text] [vc_column_text pb_margin_bottom=&#8220;no&#8220; pb_border_bottom=&#8220;no&#8220; width=&#8220;1\/2&#8243; el_position=&#8220;last&#8220;]<\/p>\n<p><a href=\"http:\/\/www.bratislavadesignweek.sk\/wp-content\/uploads\/2017\/05\/jorge-penades.jpg\"><img fetchpriority=\"high\" decoding=\"async\" class=\"wp-image-6696 aligncenter\" src=\"http:\/\/www.bratislavadesignweek.sk\/wp-content\/uploads\/2017\/05\/jorge-penades-300x200.jpg\" alt=\"\" width=\"580\" height=\"387\" srcset=\"https:\/\/www.bratislavadesignweek.sk\/wp-content\/uploads\/2017\/05\/jorge-penades-300x200.jpg 300w, https:\/\/www.bratislavadesignweek.sk\/wp-content\/uploads\/2017\/05\/jorge-penades-768x512.jpg 768w, https:\/\/www.bratislavadesignweek.sk\/wp-content\/uploads\/2017\/05\/jorge-penades-1024x683.jpg 1024w, https:\/\/www.bratislavadesignweek.sk\/wp-content\/uploads\/2017\/05\/jorge-penades-1280x854.jpg 1280w\" sizes=\"(max-width: 580px) 100vw, 580px\" \/><\/a><\/p>\n<p>[\/vc_column_text]<\/p>","protected":false},"excerpt":{"rendered":"<p>[vc_column_text pb_margin_bottom=&#8220;no&#8220; pb_border_bottom=&#8220;no&#8220; width=&#8220;1\/2&#8243; el_position=&#8220;first&#8220;] &nbsp; Jorge Penad\u00e9s Ozna\u010duj\u00fa ho za ve\u013ek\u00fd \u0161panielsk\u00fd talent. Jorge Penad\u00e9s je s\u00edce mlad\u00fd, ale sta\u010dil celkom rozv\u00edri\u0165 medi\u00e1lne vody a jeho dielo je u\u017e v st\u00e1lej zbierke Vitra Design Museum. Zauj\u00edmaj\u00fa ho neortodoxn\u00e9 my\u0161lienky, alternat\u00edvne postupy, viac zodpovednosti v dizajne v spolo\u010denskom, soci\u00e1lnom, kult\u00farnom, ekonomickom aj politickom kontexte. Jeho [&hellip;]<\/p>","protected":false},"author":6,"featured_media":0,"comment_status":"closed","ping_status":"closed","sticky":false,"template":"","format":"standard","meta":{"footnotes":""},"categories":[634,895],"tags":[],"_links":{"self":[{"href":"https:\/\/www.bratislavadesignweek.sk\/en\/wp-json\/wp\/v2\/posts\/6695"}],"collection":[{"href":"https:\/\/www.bratislavadesignweek.sk\/en\/wp-json\/wp\/v2\/posts"}],"about":[{"href":"https:\/\/www.bratislavadesignweek.sk\/en\/wp-json\/wp\/v2\/types\/post"}],"author":[{"embeddable":true,"href":"https:\/\/www.bratislavadesignweek.sk\/en\/wp-json\/wp\/v2\/users\/6"}],"replies":[{"embeddable":true,"href":"https:\/\/www.bratislavadesignweek.sk\/en\/wp-json\/wp\/v2\/comments?post=6695"}],"version-history":[{"count":5,"href":"https:\/\/www.bratislavadesignweek.sk\/en\/wp-json\/wp\/v2\/posts\/6695\/revisions"}],"predecessor-version":[{"id":7021,"href":"https:\/\/www.bratislavadesignweek.sk\/en\/wp-json\/wp\/v2\/posts\/6695\/revisions\/7021"}],"wp:attachment":[{"href":"https:\/\/www.bratislavadesignweek.sk\/en\/wp-json\/wp\/v2\/media?parent=6695"}],"wp:term":[{"taxonomy":"category","embeddable":true,"href":"https:\/\/www.bratislavadesignweek.sk\/en\/wp-json\/wp\/v2\/categories?post=6695"},{"taxonomy":"post_tag","embeddable":true,"href":"https:\/\/www.bratislavadesignweek.sk\/en\/wp-json\/wp\/v2\/tags?post=6695"}],"curies":[{"name":"wp","href":"https:\/\/api.w.org\/{rel}","templated":true}]}}