{"id":6716,"date":"2017-05-11T08:30:41","date_gmt":"2017-05-11T07:30:41","guid":{"rendered":"http:\/\/www.bratislavadesignweek.sk\/?p=6716"},"modified":"2024-09-25T12:21:30","modified_gmt":"2024-09-25T10:21:30","slug":"atelier-keramiky-vsvu-school-area","status":"publish","type":"post","link":"https:\/\/www.bratislavadesignweek.sk\/en\/atelier-keramiky-vsvu-school-area\/","title":{"rendered":"Ateli\u00e9r keramiky V\u0160VU \/ School area"},"content":{"rendered":"<p>[vc_column_text pb_margin_bottom=&#8220;no&#8220; pb_border_bottom=&#8220;no&#8220; width=&#8220;1\/2&#8243; el_position=&#8220;first&#8220;]<\/p>\n<p>&nbsp;<\/p>\n<p class=\"impact-text\">Ateli\u00e9r keramiky V\u0160VU<\/p>\n<p>Limity m\u00f4\u017eu by\u0165 vn\u00edman\u00e9 r\u00f4znym sp\u00f4sobom. Napr\u00edklad ako \u010das alebo \u010dasov\u00fd \u00fasek, ktor\u00fd stanovuje ur\u010dit\u00e9 limity. T\u00e9mou tohtoro\u010dn\u00fdch semestr\u00e1lnych pr\u00e1c \u0161tudentov Ateli\u00e9ru keramiky, s\u00fa\u00a0HODINY. \u0160tudenti na z\u00e1klade tohto zadania vytvorily stoln\u00e9, alebo z\u00e1vesn\u00e9 hodiny ako objekt do interi\u00e9ru z\u00a0porcel\u00e1nu. So z\u00e1merom vymyslie\u0165 nie\u010do nov\u00e9, pozrie\u0165 sa na t\u00fato problematiku in\u00fdm uhlom poh\u013eadu nezost\u00e1vaj\u00fa v\u00a0medziach klasick\u00e9ho remesla, technol\u00f3gie ani pr\u00edstupu. V rie\u0161en\u00ed svojich ide\u00ed id\u00fa na hranu dan\u00fdch mo\u017enost\u00ed. V\u00a0tomto \u0161ir\u0161om zmysle slova sa sna\u017eia prekra\u010dova\u0165 limity a mo\u017enosti materi\u00e1lu a technol\u00f3gie. Prezentuje sa tu to nejlep\u0161ie a\u00a0najaktu\u00e1lnej\u0161ie \u010do vzniklo v\u00a0Ateli\u00e9ry keramiky za posledn\u00fd akademick\u00fd rok, predov\u0161etk\u00fdm stoln\u00e9 alebo n\u00e1stenn\u00e9 hodiny, ktor\u00e9 se t\u00e9mou limitu zaoberaj\u00fa priamo, ale aj in\u00e9 projekty, kter\u00e9 v\u00a0r\u00e1mci uchopenia idei balancuj\u00fa na hranici mo\u017enosti materi\u00e1lu a\u00a0techn\u00f3logie klasickej keramiky.<\/p>\n<p>&nbsp;<\/p>\n<p>[\/vc_column_text] [vc_column_text pb_margin_bottom=&#8220;no&#8220; pb_border_bottom=&#8220;no&#8220; width=&#8220;1\/2&#8243; el_position=&#8220;last&#8220;]<\/p>\n<p><a href=\"http:\/\/www.bratislavadesignweek.sk\/wp-content\/uploads\/2017\/05\/atelier-keramiky-maly.jpg\"><img fetchpriority=\"high\" decoding=\"async\" class=\"wp-image-6731 aligncenter\" src=\"http:\/\/www.bratislavadesignweek.sk\/wp-content\/uploads\/2017\/05\/atelier-keramiky-maly-300x199.jpg\" alt=\"\" width=\"401\" height=\"266\" srcset=\"https:\/\/www.bratislavadesignweek.sk\/wp-content\/uploads\/2017\/05\/atelier-keramiky-maly-300x199.jpg 300w, https:\/\/www.bratislavadesignweek.sk\/wp-content\/uploads\/2017\/05\/atelier-keramiky-maly-768x508.jpg 768w, https:\/\/www.bratislavadesignweek.sk\/wp-content\/uploads\/2017\/05\/atelier-keramiky-maly.jpg 1000w\" sizes=\"(max-width: 401px) 100vw, 401px\" \/><\/a><\/p>\n<p>[\/vc_column_text]<\/p>","protected":false},"excerpt":{"rendered":"<p>[vc_column_text pb_margin_bottom=&#8220;no&#8220; pb_border_bottom=&#8220;no&#8220; width=&#8220;1\/2&#8243; el_position=&#8220;first&#8220;] &nbsp; Ateli\u00e9r keramiky V\u0160VU Limity m\u00f4\u017eu by\u0165 vn\u00edman\u00e9 r\u00f4znym sp\u00f4sobom. Napr\u00edklad ako \u010das alebo \u010dasov\u00fd \u00fasek, ktor\u00fd stanovuje ur\u010dit\u00e9 limity. T\u00e9mou tohtoro\u010dn\u00fdch semestr\u00e1lnych pr\u00e1c \u0161tudentov Ateli\u00e9ru keramiky, s\u00fa\u00a0HODINY. \u0160tudenti na z\u00e1klade tohto zadania vytvorily stoln\u00e9, alebo z\u00e1vesn\u00e9 hodiny ako objekt do interi\u00e9ru z\u00a0porcel\u00e1nu. So z\u00e1merom vymyslie\u0165 nie\u010do nov\u00e9, pozrie\u0165 sa [&hellip;]<\/p>","protected":false},"author":6,"featured_media":0,"comment_status":"closed","ping_status":"closed","sticky":false,"template":"","format":"standard","meta":{"footnotes":""},"categories":[895,792,786],"tags":[],"_links":{"self":[{"href":"https:\/\/www.bratislavadesignweek.sk\/en\/wp-json\/wp\/v2\/posts\/6716"}],"collection":[{"href":"https:\/\/www.bratislavadesignweek.sk\/en\/wp-json\/wp\/v2\/posts"}],"about":[{"href":"https:\/\/www.bratislavadesignweek.sk\/en\/wp-json\/wp\/v2\/types\/post"}],"author":[{"embeddable":true,"href":"https:\/\/www.bratislavadesignweek.sk\/en\/wp-json\/wp\/v2\/users\/6"}],"replies":[{"embeddable":true,"href":"https:\/\/www.bratislavadesignweek.sk\/en\/wp-json\/wp\/v2\/comments?post=6716"}],"version-history":[{"count":4,"href":"https:\/\/www.bratislavadesignweek.sk\/en\/wp-json\/wp\/v2\/posts\/6716\/revisions"}],"predecessor-version":[{"id":6823,"href":"https:\/\/www.bratislavadesignweek.sk\/en\/wp-json\/wp\/v2\/posts\/6716\/revisions\/6823"}],"wp:attachment":[{"href":"https:\/\/www.bratislavadesignweek.sk\/en\/wp-json\/wp\/v2\/media?parent=6716"}],"wp:term":[{"taxonomy":"category","embeddable":true,"href":"https:\/\/www.bratislavadesignweek.sk\/en\/wp-json\/wp\/v2\/categories?post=6716"},{"taxonomy":"post_tag","embeddable":true,"href":"https:\/\/www.bratislavadesignweek.sk\/en\/wp-json\/wp\/v2\/tags?post=6716"}],"curies":[{"name":"wp","href":"https:\/\/api.w.org\/{rel}","templated":true}]}}