{"id":6723,"date":"2017-05-11T09:06:37","date_gmt":"2017-05-11T08:06:37","guid":{"rendered":"http:\/\/www.bratislavadesignweek.sk\/?p=6723"},"modified":"2024-09-25T12:21:30","modified_gmt":"2024-09-25T10:21:30","slug":"skola-dizajnu","status":"publish","type":"post","link":"https:\/\/www.bratislavadesignweek.sk\/en\/skola-dizajnu\/","title":{"rendered":"\u0160kola dizajnu \/ School area"},"content":{"rendered":"<p>[vc_column_text pb_margin_bottom=&#8220;no&#8220; pb_border_bottom=&#8220;no&#8220; width=&#8220;1\/2&#8243; el_position=&#8220;first&#8220;]<\/p>\n<p class=\"impact-text\">\u0160kola dizajnu<\/p>\n<p>S\u00fakromn\u00e1 stredn\u00e1 umeleck\u00e1 \u0161kola dizajnu, Ivansk\u00e1 cesta 21, Bratislava predstavuje prostredn\u00edctvom in\u0161tal\u00e1cie v\u00fdber pr\u00e1c svojich \u0161tudentov z odborov Grafick\u00fd a priestorov\u00fd dizajn, Fotografick\u00fd dizajn, Animovan\u00e1 tvorba, Odevn\u00fd dizajn, Priemyseln\u00fd dizajn, Filmov\u00e1 a medi\u00e1lna tvorba, Interi\u00e9rov\u00fd dizajn a Grafika vizu\u00e1lnych komunik\u00e1ci\u00ed.<\/p>\n<p>In\u0161tal\u00e1ciu tvor\u00ed variabiln\u00e9 zoskupenie \u0161tyroch kubusov, ktor\u00fdch usporiadanie mo\u017eno prisp\u00f4sobi\u0165 r\u00f4znym priestorov\u00fdm limitom. Dizajn objektov z\u00e1rove\u0148 umo\u017e\u0148uje ich r\u00f4znorod\u00e9 vyu\u017eitie (galerijn\u00fd podstavec, \u00falo\u017en\u00fd priestor, st\u00f4l, stoli\u010dka, poli\u010dka, stupienky v\u00ed\u0165azov&#8230;)<\/p>\n<p>N\u00e1v\u0161tevn\u00edci BDW si bud\u00fa m\u00f4c\u0165 na kubusy sadn\u00fa\u0165, odpo\u010din\u00fa\u0165 si, prelistova\u0165 si knihu, alebo sa na stupienky v\u00ed\u0165azov postavi\u0165 a necha\u0165 sa na nich odfoti\u0165.<\/p>\n<p>Autori in\u0161tal\u00e1cie: Dominik Barkol, Matej Koll\u00e1r \u2013 \u0161tudenti \u0160koly dizajnu<\/p>\n<p>[button colour=\"grey\" type=\"0\u2033 size=\"small\" link=\"http:\/\/<a href=\"http:\/\/www.skoladesignu.sk\/\">www.skoladesignu.sk<\/a>\/site\/&#8220; target=&#8220;_self&#8220;]www.skoladesignu.sk[\/button]<\/p>\n<p>[\/vc_column_text] [vc_column_text pb_margin_bottom=&#8220;no&#8220; pb_border_bottom=&#8220;no&#8220; width=&#8220;1\/2&#8243; el_position=&#8220;last&#8220;]<\/p>\n<p>&nbsp;<\/p>\n<p>&nbsp;<\/p>\n<p>&nbsp;<\/p>\n<p><a href=\"http:\/\/www.bratislavadesignweek.sk\/wp-content\/uploads\/2017\/05\/skola-dizajnu-foto.jpg\"><img fetchpriority=\"high\" decoding=\"async\" class=\"alignnone wp-image-6725 aligncenter\" src=\"http:\/\/www.bratislavadesignweek.sk\/wp-content\/uploads\/2017\/05\/skola-dizajnu-foto-300x200.jpg\" alt=\"\" width=\"500\" height=\"333\" srcset=\"https:\/\/www.bratislavadesignweek.sk\/wp-content\/uploads\/2017\/05\/skola-dizajnu-foto-300x200.jpg 300w, https:\/\/www.bratislavadesignweek.sk\/wp-content\/uploads\/2017\/05\/skola-dizajnu-foto-768x513.jpg 768w, https:\/\/www.bratislavadesignweek.sk\/wp-content\/uploads\/2017\/05\/skola-dizajnu-foto.jpg 1000w\" sizes=\"(max-width: 500px) 100vw, 500px\" \/><\/a><\/p>\n<p>[\/vc_column_text]<\/p>","protected":false},"excerpt":{"rendered":"<p>[vc_column_text pb_margin_bottom=&#8220;no&#8220; pb_border_bottom=&#8220;no&#8220; width=&#8220;1\/2&#8243; el_position=&#8220;first&#8220;] \u0160kola dizajnu S\u00fakromn\u00e1 stredn\u00e1 umeleck\u00e1 \u0161kola dizajnu, Ivansk\u00e1 cesta 21, Bratislava predstavuje prostredn\u00edctvom in\u0161tal\u00e1cie v\u00fdber pr\u00e1c svojich \u0161tudentov z odborov Grafick\u00fd a priestorov\u00fd dizajn, Fotografick\u00fd dizajn, Animovan\u00e1 tvorba, Odevn\u00fd dizajn, Priemyseln\u00fd dizajn, Filmov\u00e1 a medi\u00e1lna tvorba, Interi\u00e9rov\u00fd dizajn a Grafika vizu\u00e1lnych komunik\u00e1ci\u00ed. In\u0161tal\u00e1ciu tvor\u00ed variabiln\u00e9 zoskupenie \u0161tyroch kubusov, ktor\u00fdch usporiadanie [&hellip;]<\/p>","protected":false},"author":6,"featured_media":0,"comment_status":"closed","ping_status":"closed","sticky":false,"template":"","format":"standard","meta":{"footnotes":""},"categories":[895,792,786],"tags":[],"_links":{"self":[{"href":"https:\/\/www.bratislavadesignweek.sk\/en\/wp-json\/wp\/v2\/posts\/6723"}],"collection":[{"href":"https:\/\/www.bratislavadesignweek.sk\/en\/wp-json\/wp\/v2\/posts"}],"about":[{"href":"https:\/\/www.bratislavadesignweek.sk\/en\/wp-json\/wp\/v2\/types\/post"}],"author":[{"embeddable":true,"href":"https:\/\/www.bratislavadesignweek.sk\/en\/wp-json\/wp\/v2\/users\/6"}],"replies":[{"embeddable":true,"href":"https:\/\/www.bratislavadesignweek.sk\/en\/wp-json\/wp\/v2\/comments?post=6723"}],"version-history":[{"count":6,"href":"https:\/\/www.bratislavadesignweek.sk\/en\/wp-json\/wp\/v2\/posts\/6723\/revisions"}],"predecessor-version":[{"id":6852,"href":"https:\/\/www.bratislavadesignweek.sk\/en\/wp-json\/wp\/v2\/posts\/6723\/revisions\/6852"}],"wp:attachment":[{"href":"https:\/\/www.bratislavadesignweek.sk\/en\/wp-json\/wp\/v2\/media?parent=6723"}],"wp:term":[{"taxonomy":"category","embeddable":true,"href":"https:\/\/www.bratislavadesignweek.sk\/en\/wp-json\/wp\/v2\/categories?post=6723"},{"taxonomy":"post_tag","embeddable":true,"href":"https:\/\/www.bratislavadesignweek.sk\/en\/wp-json\/wp\/v2\/tags?post=6723"}],"curies":[{"name":"wp","href":"https:\/\/api.w.org\/{rel}","templated":true}]}}