{"id":6734,"date":"2017-05-11T09:38:40","date_gmt":"2017-05-11T08:38:40","guid":{"rendered":"http:\/\/www.bratislavadesignweek.sk\/?p=6734"},"modified":"2024-09-25T12:21:30","modified_gmt":"2024-09-25T10:21:30","slug":"technicka-univerzita-vo-zvolene-school-area","status":"publish","type":"post","link":"https:\/\/www.bratislavadesignweek.sk\/en\/technicka-univerzita-vo-zvolene-school-area\/","title":{"rendered":"Technical University in Zvolen \/ School area"},"content":{"rendered":"<p>[vc_column_text pb_margin_bottom=&#8220;no&#8220; pb_border_bottom=&#8220;no&#8220; width=&#8220;1\/2&#8243; el_position=&#8220;first&#8220;]<\/p>\n<p class=\"impact-text\">Technick\u00e1 univerzita vo Zvolene<\/p>\n<p>Ateli\u00e9ry dizajnu n\u00e1bytku na Katedre dizajnu a interi\u00e9ru, Drev\u00e1rskej fakulty, Technickej univerzity vo Zvolene sa zaoberaj\u00fa komplexn\u00fdm dizajnom n\u00e1bytkov\u00fdch prvkov pre interi\u00e9r, exteri\u00e9r ako aj okrajov\u00e9 skupiny pou\u017e\u00edvate\u013eov.<\/p>\n<p>Ateli\u00e9rov\u00e9 t\u00e9my sa venuj\u00fa problematike s\u00e9riovej v\u00fdroby, tvorbe autorsk\u00fdch solit\u00e9rov, tranform\u00e1cii historick\u00e9ho odkazu v kult\u00fare b\u00fdvania alebo n\u00e1bytkov\u00fdm experimetom. \u0160tudenti po\u010das \u0161t\u00fadia prejd\u00fa dizajnom va\u010d\u0161iny n\u00e1bytkov\u00fdch skup\u00edn s t\u00fdm \u017ee v\u00fdstupy je realizovan\u00e9 v re\u00e1lnej mierke.<\/p>\n<p>S\u00fa\u010das\u0165ou \u0161tudentsk\u00fdch dizajnov\u00fdch v\u00fdstupov je aj aplik\u00e1cia v konkr\u00e9tnom priestore.<\/p>\n<p>[\/vc_column_text] [vc_column_text pb_margin_bottom=&#8220;no&#8220; pb_border_bottom=&#8220;no&#8220; width=&#8220;1\/2&#8243; el_position=&#8220;last&#8220;]<\/p>\n<p><a href=\"http:\/\/www.bratislavadesignweek.sk\/wp-content\/uploads\/2017\/05\/TUZVO.jpg\"><img fetchpriority=\"high\" decoding=\"async\" class=\"wp-image-6735 aligncenter\" src=\"http:\/\/www.bratislavadesignweek.sk\/wp-content\/uploads\/2017\/05\/TUZVO-300x177.jpg\" alt=\"\" width=\"384\" height=\"227\" srcset=\"https:\/\/www.bratislavadesignweek.sk\/wp-content\/uploads\/2017\/05\/TUZVO-300x177.jpg 300w, https:\/\/www.bratislavadesignweek.sk\/wp-content\/uploads\/2017\/05\/TUZVO-768x452.jpg 768w, https:\/\/www.bratislavadesignweek.sk\/wp-content\/uploads\/2017\/05\/TUZVO.jpg 1000w\" sizes=\"(max-width: 384px) 100vw, 384px\" \/><\/a><\/p>\n<p><a href=\"http:\/\/www.bratislavadesignweek.sk\/wp-content\/uploads\/2017\/05\/TUZVO2.jpg\"><img decoding=\"async\" class=\"wp-image-6736 aligncenter\" src=\"http:\/\/www.bratislavadesignweek.sk\/wp-content\/uploads\/2017\/05\/TUZVO2-300x166.jpg\" alt=\"\" width=\"381\" height=\"211\" srcset=\"https:\/\/www.bratislavadesignweek.sk\/wp-content\/uploads\/2017\/05\/TUZVO2-300x166.jpg 300w, https:\/\/www.bratislavadesignweek.sk\/wp-content\/uploads\/2017\/05\/TUZVO2-768x424.jpg 768w, https:\/\/www.bratislavadesignweek.sk\/wp-content\/uploads\/2017\/05\/TUZVO2.jpg 1000w\" sizes=\"(max-width: 381px) 100vw, 381px\" \/><\/a><\/p>\n<p>&nbsp;<\/p>\n<p>[\/vc_column_text]<\/p>","protected":false},"excerpt":{"rendered":"<p>[vc_column_text pb_margin_bottom=&#8220;no&#8220; pb_border_bottom=&#8220;no&#8220; width=&#8220;1\/2&#8243; el_position=&#8220;first&#8220;] Technick\u00e1 univerzita vo Zvolene Ateli\u00e9ry dizajnu n\u00e1bytku na Katedre dizajnu a interi\u00e9ru, Drev\u00e1rskej fakulty, Technickej univerzity vo Zvolene sa zaoberaj\u00fa komplexn\u00fdm dizajnom n\u00e1bytkov\u00fdch prvkov pre interi\u00e9r, exteri\u00e9r ako aj okrajov\u00e9 skupiny pou\u017e\u00edvate\u013eov. Ateli\u00e9rov\u00e9 t\u00e9my sa venuj\u00fa problematike s\u00e9riovej v\u00fdroby, tvorbe autorsk\u00fdch solit\u00e9rov, tranform\u00e1cii historick\u00e9ho odkazu v kult\u00fare b\u00fdvania alebo n\u00e1bytkov\u00fdm [&hellip;]<\/p>","protected":false},"author":6,"featured_media":0,"comment_status":"closed","ping_status":"closed","sticky":false,"template":"","format":"standard","meta":{"footnotes":""},"categories":[895,792,786],"tags":[],"_links":{"self":[{"href":"https:\/\/www.bratislavadesignweek.sk\/en\/wp-json\/wp\/v2\/posts\/6734"}],"collection":[{"href":"https:\/\/www.bratislavadesignweek.sk\/en\/wp-json\/wp\/v2\/posts"}],"about":[{"href":"https:\/\/www.bratislavadesignweek.sk\/en\/wp-json\/wp\/v2\/types\/post"}],"author":[{"embeddable":true,"href":"https:\/\/www.bratislavadesignweek.sk\/en\/wp-json\/wp\/v2\/users\/6"}],"replies":[{"embeddable":true,"href":"https:\/\/www.bratislavadesignweek.sk\/en\/wp-json\/wp\/v2\/comments?post=6734"}],"version-history":[{"count":4,"href":"https:\/\/www.bratislavadesignweek.sk\/en\/wp-json\/wp\/v2\/posts\/6734\/revisions"}],"predecessor-version":[{"id":6824,"href":"https:\/\/www.bratislavadesignweek.sk\/en\/wp-json\/wp\/v2\/posts\/6734\/revisions\/6824"}],"wp:attachment":[{"href":"https:\/\/www.bratislavadesignweek.sk\/en\/wp-json\/wp\/v2\/media?parent=6734"}],"wp:term":[{"taxonomy":"category","embeddable":true,"href":"https:\/\/www.bratislavadesignweek.sk\/en\/wp-json\/wp\/v2\/categories?post=6734"},{"taxonomy":"post_tag","embeddable":true,"href":"https:\/\/www.bratislavadesignweek.sk\/en\/wp-json\/wp\/v2\/tags?post=6734"}],"curies":[{"name":"wp","href":"https:\/\/api.w.org\/{rel}","templated":true}]}}