{"id":6740,"date":"2017-05-11T10:09:07","date_gmt":"2017-05-11T09:09:07","guid":{"rendered":"http:\/\/www.bratislavadesignweek.sk\/?p=6740"},"modified":"2024-09-25T12:21:30","modified_gmt":"2024-09-25T10:21:30","slug":"eva-gacho-solid-area","status":"publish","type":"post","link":"https:\/\/www.bratislavadesignweek.sk\/en\/eva-gacho-solid-area\/","title":{"rendered":"Eva Gacho \/ Solid area"},"content":{"rendered":"<p>[vc_column_text pb_margin_bottom=&#8220;no&#8220; pb_border_bottom=&#8220;no&#8220; width=&#8220;1\/2&#8243; el_position=&#8220;first&#8220;]<\/p>\n<p class=\"impact-text\">Eva Gacho<\/p>\n<p>Mlad\u00e1 zna\u010dka zalo\u017een\u00e1 v roku 2016 na Slovensku. Vo svojej tvorbe kombinuje trad\u00edciu a s\u00fa\u010dasn\u00e9 umenie a h\u013ead\u00e1 medzi nimi spr\u00e1vnu rovnov\u00e1hu. Na dosiahnutie po\u017eadovan\u00e9ho v\u00fdsledku pou\u017e\u00edva r\u00f4zne materi\u00e1ly a techniky.<\/p>\n<p>Vo svojej kolekcii \u201e v\u00fd\u0161ivka\u201c vyt\u0155ha vzory zo slovensk\u00fdch \u013eudov\u00fdch mot\u00edvov a zas\u00e1dza ich do nov\u00fdch s\u00favislost\u00ed. T\u00e1to kolekcia prin\u00e1\u0161a s\u00fa\u010dasn\u00fd poh\u013ead na \u013eudov\u00fa tvorbu , pracuje s materi\u00e1lmi ako je ko\u017ea alebo mosadz, ktor\u00e9 sa \u010dasto st\u00e1vaj\u00fa samotn\u00fdm pl\u00e1tnom pre vy\u0161\u00edvan\u00fd mot\u00edv.<\/p>\n<p>[button colour=\"grey\" type=\"0\u2033 size=\"small\" link=\"http:\/\/<a href=\"https:\/\/www.evagacho.com\/\">www.evagacho.com<\/a>\/site\/&#8220; target=&#8220;_self&#8220;]www.evagacho.com[\/button]<\/p>\n<p>&nbsp;<\/p>\n<p>[\/vc_column_text] [vc_column_text pb_margin_bottom=&#8220;no&#8220; pb_border_bottom=&#8220;no&#8220; width=&#8220;1\/2&#8243; el_position=&#8220;last&#8220;]<\/p>\n<p>&nbsp;<\/p>\n<p><a href=\"http:\/\/www.bratislavadesignweek.sk\/wp-content\/uploads\/2017\/05\/eva-gacho.jpg\"><img fetchpriority=\"high\" decoding=\"async\" class=\"wp-image-6850 aligncenter\" src=\"http:\/\/www.bratislavadesignweek.sk\/wp-content\/uploads\/2017\/05\/eva-gacho-300x199.jpg\" alt=\"\" width=\"430\" height=\"285\" \/><\/a><\/p>\n<p>&nbsp;<\/p>\n<p>[\/vc_column_text]<\/p>","protected":false},"excerpt":{"rendered":"<p>[vc_column_text pb_margin_bottom=&#8220;no&#8220; pb_border_bottom=&#8220;no&#8220; width=&#8220;1\/2&#8243; el_position=&#8220;first&#8220;] Eva Gacho Mlad\u00e1 zna\u010dka zalo\u017een\u00e1 v roku 2016 na Slovensku. Vo svojej tvorbe kombinuje trad\u00edciu a s\u00fa\u010dasn\u00e9 umenie a h\u013ead\u00e1 medzi nimi spr\u00e1vnu rovnov\u00e1hu. Na dosiahnutie po\u017eadovan\u00e9ho v\u00fdsledku pou\u017e\u00edva r\u00f4zne materi\u00e1ly a techniky. Vo svojej kolekcii \u201e v\u00fd\u0161ivka\u201c vyt\u0155ha vzory zo slovensk\u00fdch \u013eudov\u00fdch mot\u00edvov a zas\u00e1dza ich do nov\u00fdch s\u00favislost\u00ed. [&hellip;]<\/p>","protected":false},"author":6,"featured_media":0,"comment_status":"closed","ping_status":"closed","sticky":false,"template":"","format":"standard","meta":{"footnotes":""},"categories":[895,793,786],"tags":[],"_links":{"self":[{"href":"https:\/\/www.bratislavadesignweek.sk\/en\/wp-json\/wp\/v2\/posts\/6740"}],"collection":[{"href":"https:\/\/www.bratislavadesignweek.sk\/en\/wp-json\/wp\/v2\/posts"}],"about":[{"href":"https:\/\/www.bratislavadesignweek.sk\/en\/wp-json\/wp\/v2\/types\/post"}],"author":[{"embeddable":true,"href":"https:\/\/www.bratislavadesignweek.sk\/en\/wp-json\/wp\/v2\/users\/6"}],"replies":[{"embeddable":true,"href":"https:\/\/www.bratislavadesignweek.sk\/en\/wp-json\/wp\/v2\/comments?post=6740"}],"version-history":[{"count":5,"href":"https:\/\/www.bratislavadesignweek.sk\/en\/wp-json\/wp\/v2\/posts\/6740\/revisions"}],"predecessor-version":[{"id":6851,"href":"https:\/\/www.bratislavadesignweek.sk\/en\/wp-json\/wp\/v2\/posts\/6740\/revisions\/6851"}],"wp:attachment":[{"href":"https:\/\/www.bratislavadesignweek.sk\/en\/wp-json\/wp\/v2\/media?parent=6740"}],"wp:term":[{"taxonomy":"category","embeddable":true,"href":"https:\/\/www.bratislavadesignweek.sk\/en\/wp-json\/wp\/v2\/categories?post=6740"},{"taxonomy":"post_tag","embeddable":true,"href":"https:\/\/www.bratislavadesignweek.sk\/en\/wp-json\/wp\/v2\/tags?post=6740"}],"curies":[{"name":"wp","href":"https:\/\/api.w.org\/{rel}","templated":true}]}}