{"id":6748,"date":"2017-05-11T10:48:11","date_gmt":"2017-05-11T09:48:11","guid":{"rendered":"http:\/\/www.bratislavadesignweek.sk\/?p=6748"},"modified":"2024-09-25T12:21:30","modified_gmt":"2024-09-25T10:21:30","slug":"ikea-solid-area","status":"publish","type":"post","link":"https:\/\/www.bratislavadesignweek.sk\/en\/ikea-solid-area\/","title":{"rendered":"IKEA \/ Solid area"},"content":{"rendered":"<p>[vc_column_text pb_margin_bottom=&#8220;no&#8220; pb_border_bottom=&#8220;no&#8220; width=&#8220;1\/2&#8243; el_position=&#8220;first&#8220;]<\/p>\n<p>&nbsp;<\/p>\n<p class=\"impact-text\">IKEA<\/p>\n<p>IKEA sa na tohtoro\u010dnom BADW predstav\u00ed s kolekciami\u00a0AVSIKTLIG a\u00a0STOCKHOLM 2017.<\/p>\n<p>&nbsp;<\/p>\n<p>[\/vc_column_text] [vc_column_text pb_margin_bottom=&#8220;no&#8220; pb_border_bottom=&#8220;no&#8220; width=&#8220;1\/2&#8243; el_position=&#8220;last&#8220;] [\/vc_column_text] [vc_column_text pb_margin_bottom=&#8220;no&#8220; pb_border_bottom=&#8220;no&#8220; width=&#8220;1\/2&#8243; el_position=&#8220;first&#8220;]<\/p>\n<p><strong>AVSIKTLIG<\/strong><\/p>\n<p>V\u00fdznamn\u00e1 skupina desiatich \u0161v\u00e9dskych dizajn\u00e9rov \u201e10-gruppen\u201f spojila svoje sily s IKEA, ich vzory s\u00fa rovnako odv\u00e1\u017ene, ako boli v za\u010diatkoch ich hnutia, pred 45 rokmi. Skupina \u201e10-gruppen\u201f predstavuje to najlep\u0161ie z hist\u00f3rie \u0161kandin\u00e1vskeho dizajnu. Za\u010diatkom 70. rokov 20. storo\u010dia, boli \u201e10-gruppen\u201f s\u00fa\u010das\u0165ou vlny odporu proti establishmentu a odmietali vtedaj\u0161ie ide\u00e1ly kr\u00e1sy. Jej \u010dlenov sp\u00e1jala viera, \u017ee textiln\u00e9 vzory maj\u00fa na \u013eud\u00ed vplyv.<\/p>\n<p>Pod veden\u00edm Toma Hedqvista, v spolupr\u00e1ci s \u010dlenmi skupiny 10-gruppen, \u0161v\u00e9dskou umelky\u0148ou Kristinou Abelli Elander, dizajn\u00e9rom Andersom Wenngrenom a tromi dizajn\u00e9rkami IKEA &#8211; Hannou Dalrot, Idou Pettersson a Iinou Vuorivirta \u2013 z\u00edskalo hrav\u00e9 prepojenie minulosti a s\u00fa\u010dasnosti ve\u013emi modern\u00fa podobu.<\/p>\n<p>[\/vc_column_text] [vc_column_text pb_margin_bottom=&#8220;no&#8220; pb_border_bottom=&#8220;no&#8220; width=&#8220;1\/2&#8243; el_position=&#8220;last&#8220;]<\/p>\n<p>&nbsp;<\/p>\n<p style=\"text-align: center;\"><a href=\"http:\/\/www.bratislavadesignweek.sk\/wp-content\/uploads\/2017\/05\/ikea-avsiktlig-mensie.jpg\"><img fetchpriority=\"high\" decoding=\"async\" class=\"alignnone wp-image-6749\" src=\"http:\/\/www.bratislavadesignweek.sk\/wp-content\/uploads\/2017\/05\/ikea-avsiktlig-mensie-300x150.jpg\" alt=\"\" width=\"570\" height=\"285\" srcset=\"https:\/\/www.bratislavadesignweek.sk\/wp-content\/uploads\/2017\/05\/ikea-avsiktlig-mensie-300x150.jpg 300w, https:\/\/www.bratislavadesignweek.sk\/wp-content\/uploads\/2017\/05\/ikea-avsiktlig-mensie-768x384.jpg 768w, https:\/\/www.bratislavadesignweek.sk\/wp-content\/uploads\/2017\/05\/ikea-avsiktlig-mensie.jpg 1000w\" sizes=\"(max-width: 570px) 100vw, 570px\" \/><\/a><\/p>\n<p>&nbsp;<\/p>\n<p>[\/vc_column_text] [vc_column_text pb_margin_bottom=&#8220;no&#8220; pb_border_bottom=&#8220;no&#8220; width=&#8220;1\/2&#8243; el_position=&#8220;first&#8220;]<\/p>\n<p>&nbsp;<\/p>\n<p><strong>STOCKHOLM 2017<\/strong><\/p>\n<p>Nov\u00e1 kolekcia STOCKHOLM 2017 zd\u00f4raz\u0148uje prav\u00fd opak r\u00fdchleho \u017eivotn\u00e9ho tempa \u2013 zameriava sa na kvalitu a hodnoty, ktor\u00e9 vznikaj\u00fa pri pomalej tvorbe vec\u00ed a pomal\u0161om \u017eivotnom \u0161t\u00fdle.<\/p>\n<p>Pr\u00edroda i svetlo maj\u00fa svoj rytmus, ktor\u00fd nepozn\u00e1 n\u00e1hlenie. Drevo potrebuje na svoj rast ur\u010dit\u00fa dobu. Ru\u010dne f\u00fakan\u00e9 sklo vznik\u00e1 pod rukami skl\u00e1ra, ktor\u00fd svoju zru\u010dnos\u0165 zdokona\u013eoval dlh\u00e9 roky. A na ma\u013ebu vzorov je potrebn\u00e1 sk\u00fasen\u00e1 ruka. Tak\u00e1 d\u00f4kladnos\u0165 si \u017eiada svoj \u010das. A takto pomaly r\u00e1stla a rozvinula sa aj nov\u00e1 kolekcia n\u00e1bytku a\u00a0doplnkov STOCKHOLM 2017.<\/p>\n<p>&nbsp;<\/p>\n<p>[\/vc_column_text] [vc_column_text pb_margin_bottom=&#8220;no&#8220; pb_border_bottom=&#8220;no&#8220; width=&#8220;1\/2&#8243; el_position=&#8220;last&#8220;]<\/p>\n<p>&nbsp;<\/p>\n<p style=\"text-align: center;\"><a href=\"http:\/\/www.bratislavadesignweek.sk\/wp-content\/uploads\/2017\/05\/stockholm-17.jpg\"><img decoding=\"async\" class=\"alignnone wp-image-6750\" src=\"http:\/\/www.bratislavadesignweek.sk\/wp-content\/uploads\/2017\/05\/stockholm-17-200x300.jpg\" alt=\"\" width=\"244\" height=\"366\" srcset=\"https:\/\/www.bratislavadesignweek.sk\/wp-content\/uploads\/2017\/05\/stockholm-17-200x300.jpg 200w, https:\/\/www.bratislavadesignweek.sk\/wp-content\/uploads\/2017\/05\/stockholm-17.jpg 667w\" sizes=\"(max-width: 244px) 100vw, 244px\" \/><\/a><\/p>\n<p>[\/vc_column_text]<\/p>","protected":false},"excerpt":{"rendered":"<p>[vc_column_text pb_margin_bottom=&#8220;no&#8220; pb_border_bottom=&#8220;no&#8220; width=&#8220;1\/2&#8243; el_position=&#8220;first&#8220;] &nbsp; IKEA IKEA sa na tohtoro\u010dnom BADW predstav\u00ed s kolekciami\u00a0AVSIKTLIG a\u00a0STOCKHOLM 2017. &nbsp; [\/vc_column_text] [vc_column_text pb_margin_bottom=&#8220;no&#8220; pb_border_bottom=&#8220;no&#8220; width=&#8220;1\/2&#8243; el_position=&#8220;last&#8220;] [\/vc_column_text] [vc_column_text pb_margin_bottom=&#8220;no&#8220; pb_border_bottom=&#8220;no&#8220; width=&#8220;1\/2&#8243; el_position=&#8220;first&#8220;] AVSIKTLIG V\u00fdznamn\u00e1 skupina desiatich \u0161v\u00e9dskych dizajn\u00e9rov \u201e10-gruppen\u201f spojila svoje sily s IKEA, ich vzory s\u00fa rovnako odv\u00e1\u017ene, ako boli v za\u010diatkoch ich hnutia, pred 45 [&hellip;]<\/p>","protected":false},"author":6,"featured_media":0,"comment_status":"closed","ping_status":"closed","sticky":false,"template":"","format":"standard","meta":{"footnotes":""},"categories":[895,793,786],"tags":[],"_links":{"self":[{"href":"https:\/\/www.bratislavadesignweek.sk\/en\/wp-json\/wp\/v2\/posts\/6748"}],"collection":[{"href":"https:\/\/www.bratislavadesignweek.sk\/en\/wp-json\/wp\/v2\/posts"}],"about":[{"href":"https:\/\/www.bratislavadesignweek.sk\/en\/wp-json\/wp\/v2\/types\/post"}],"author":[{"embeddable":true,"href":"https:\/\/www.bratislavadesignweek.sk\/en\/wp-json\/wp\/v2\/users\/6"}],"replies":[{"embeddable":true,"href":"https:\/\/www.bratislavadesignweek.sk\/en\/wp-json\/wp\/v2\/comments?post=6748"}],"version-history":[{"count":5,"href":"https:\/\/www.bratislavadesignweek.sk\/en\/wp-json\/wp\/v2\/posts\/6748\/revisions"}],"predecessor-version":[{"id":6848,"href":"https:\/\/www.bratislavadesignweek.sk\/en\/wp-json\/wp\/v2\/posts\/6748\/revisions\/6848"}],"wp:attachment":[{"href":"https:\/\/www.bratislavadesignweek.sk\/en\/wp-json\/wp\/v2\/media?parent=6748"}],"wp:term":[{"taxonomy":"category","embeddable":true,"href":"https:\/\/www.bratislavadesignweek.sk\/en\/wp-json\/wp\/v2\/categories?post=6748"},{"taxonomy":"post_tag","embeddable":true,"href":"https:\/\/www.bratislavadesignweek.sk\/en\/wp-json\/wp\/v2\/tags?post=6748"}],"curies":[{"name":"wp","href":"https:\/\/api.w.org\/{rel}","templated":true}]}}