{"id":6759,"date":"2017-05-15T21:17:47","date_gmt":"2017-05-15T20:17:47","guid":{"rendered":"http:\/\/www.bratislavadesignweek.sk\/?p=6759"},"modified":"2024-09-25T12:21:30","modified_gmt":"2024-09-25T10:21:30","slug":"malina-studio-solid-area","status":"publish","type":"post","link":"https:\/\/www.bratislavadesignweek.sk\/en\/malina-studio-solid-area\/","title":{"rendered":"Malina Studio \/ Solid area"},"content":{"rendered":"<p>[vc_column_text pb_margin_bottom=&#8220;no&#8220; pb_border_bottom=&#8220;no&#8220; width=&#8220;1\/2&#8243; el_position=&#8220;first&#8220;]<\/p>\n<p>&nbsp;<\/p>\n<p class=\"impact-text\">Raspberry Studio<\/p>\n<p>Malina studio je grafick\u00e9 \u0161t\u00fadio zameran\u00e9 na tvorbu vizu\u00e1lnej identity sympatick\u00fdch zna\u010diek. V portf\u00f3liu \u0161t\u00fadia nen\u00e1jdete men\u00e1 ve\u013ek\u00fdch zna\u010diek. Pr\u00e1ve naopak,\u00a0spolupracuj\u00fa s rozbiehaj\u00facimi sa zna\u010dkami, ktor\u00e9 s\u00fa pre nich ove\u013ea in\u0161pirat\u00edvnej\u0161ie.\u00a0Takto si vraj spolo\u010dne u\u017e\u00edvaj\u00fa ich cestu nahor. Kreat\u00edvnym riadite\u013eom \u0161t\u00fadia je Mgr. art. Ado Jur\u00e1\u010dek.<\/p>\n<p>[button colour=\"grey\" type=\"0\u2033 size=\"small\" link=\"http:\/\/<a href=\"http:\/\/malinastudio.sk\/\">www.malinastudio.sk<\/a>\/site\/\" target=\"_self\"]www.malinastudio.sk[\/button]<\/p>\n<p>[\/vc_column_text] [vc_column_text pb_margin_bottom=&#8220;no&#8220; pb_border_bottom=&#8220;no&#8220; width=&#8220;1\/2&#8243; el_position=&#8220;last&#8220;]<\/p>\n<p><a href=\"http:\/\/www.bratislavadesignweek.sk\/wp-content\/uploads\/2017\/05\/malina_cover-1500x813.png\"><img fetchpriority=\"high\" decoding=\"async\" class=\"wp-image-6763 aligncenter\" src=\"http:\/\/www.bratislavadesignweek.sk\/wp-content\/uploads\/2017\/05\/malina_cover-1500x813-273x300.png\" alt=\"\" width=\"357\" height=\"392\" srcset=\"https:\/\/www.bratislavadesignweek.sk\/wp-content\/uploads\/2017\/05\/malina_cover-1500x813-273x300.png 273w, https:\/\/www.bratislavadesignweek.sk\/wp-content\/uploads\/2017\/05\/malina_cover-1500x813.png 741w\" sizes=\"(max-width: 357px) 100vw, 357px\" \/><\/a><\/p>\n<p>[\/vc_column_text]<\/p>","protected":false},"excerpt":{"rendered":"<p>[vc_column_text pb_margin_bottom=&#8220;no&#8220; pb_border_bottom=&#8220;no&#8220; width=&#8220;1\/2&#8243; el_position=&#8220;first&#8220;] &nbsp; Malina Studio Malina studio je grafick\u00e9 \u0161t\u00fadio zameran\u00e9 na tvorbu vizu\u00e1lnej identity sympatick\u00fdch zna\u010diek. V portf\u00f3liu \u0161t\u00fadia nen\u00e1jdete men\u00e1 ve\u013ek\u00fdch zna\u010diek. Pr\u00e1ve naopak,\u00a0spolupracuj\u00fa s rozbiehaj\u00facimi sa zna\u010dkami, ktor\u00e9 s\u00fa pre nich ove\u013ea in\u0161pirat\u00edvnej\u0161ie.\u00a0Takto si vraj spolo\u010dne u\u017e\u00edvaj\u00fa ich cestu nahor. Kreat\u00edvnym riadite\u013eom \u0161t\u00fadia je Mgr. art. Ado Jur\u00e1\u010dek. [button [&hellip;]<\/p>","protected":false},"author":6,"featured_media":0,"comment_status":"closed","ping_status":"closed","sticky":false,"template":"","format":"standard","meta":{"footnotes":""},"categories":[895,793,786],"tags":[],"_links":{"self":[{"href":"https:\/\/www.bratislavadesignweek.sk\/en\/wp-json\/wp\/v2\/posts\/6759"}],"collection":[{"href":"https:\/\/www.bratislavadesignweek.sk\/en\/wp-json\/wp\/v2\/posts"}],"about":[{"href":"https:\/\/www.bratislavadesignweek.sk\/en\/wp-json\/wp\/v2\/types\/post"}],"author":[{"embeddable":true,"href":"https:\/\/www.bratislavadesignweek.sk\/en\/wp-json\/wp\/v2\/users\/6"}],"replies":[{"embeddable":true,"href":"https:\/\/www.bratislavadesignweek.sk\/en\/wp-json\/wp\/v2\/comments?post=6759"}],"version-history":[{"count":2,"href":"https:\/\/www.bratislavadesignweek.sk\/en\/wp-json\/wp\/v2\/posts\/6759\/revisions"}],"predecessor-version":[{"id":6768,"href":"https:\/\/www.bratislavadesignweek.sk\/en\/wp-json\/wp\/v2\/posts\/6759\/revisions\/6768"}],"wp:attachment":[{"href":"https:\/\/www.bratislavadesignweek.sk\/en\/wp-json\/wp\/v2\/media?parent=6759"}],"wp:term":[{"taxonomy":"category","embeddable":true,"href":"https:\/\/www.bratislavadesignweek.sk\/en\/wp-json\/wp\/v2\/categories?post=6759"},{"taxonomy":"post_tag","embeddable":true,"href":"https:\/\/www.bratislavadesignweek.sk\/en\/wp-json\/wp\/v2\/tags?post=6759"}],"curies":[{"name":"wp","href":"https:\/\/api.w.org\/{rel}","templated":true}]}}