{"id":6778,"date":"2017-05-16T13:49:42","date_gmt":"2017-05-16T12:49:42","guid":{"rendered":"http:\/\/www.bratislavadesignweek.sk\/?p=6778"},"modified":"2024-09-25T12:21:30","modified_gmt":"2024-09-25T10:21:30","slug":"a-class-studio-parallel-area","status":"publish","type":"post","link":"https:\/\/www.bratislavadesignweek.sk\/en\/a-class-studio-parallel-area\/","title":{"rendered":"A Class Studio \/ Parallel area"},"content":{"rendered":"<p>[vc_column_text pb_margin_bottom=&#8220;no&#8220; pb_border_bottom=&#8220;no&#8220; width=&#8220;1\/2&#8243; el_position=&#8220;first&#8220;]<\/p>\n<p>&nbsp;<\/p>\n<p class=\"impact-text\">A Class Studio<\/p>\n<p>Za\u010diatkom tohto roka sa v\u00a0jednom z\u00a0mestsk\u00fdch domov na Karpatskej ulici v\u00a0Bratislave us\u00eddlilo mlad\u00e9 dizajn\u00e9rske \u0161t\u00fadio, veden\u00e9 absolventkou V\u0160VU Miroslavou Trok\u0161iarovou, s\u00a0cie\u013eom roz\u0161\u00edrenia svojej p\u00f4sobnosti do oblasti materi\u00e1lovej re\u0161er\u0161e a\u00a0dod\u00e1vania v\u00fdnimo\u010dn\u00fdch interi\u00e9rov\u00fdch rie\u0161en\u00ed aj klientom na slovenskom a \u010deskom trhu. Pr\u00edzemie budovy poskytlo priestor k\u00a0vzniknutiu nov\u00e9ho showroomu, ktor\u00e9ho otvorenie je napl\u00e1novan\u00e9 pr\u00e1ve na dni Bratislavsk\u00e9ho Design Weeku. Svoje zas\u00fapenie v\u00a0\u0148om aktu\u00e1lne maj\u00fa dve franc\u00fazske zna\u010dky : Concrete LCDA a\u00a0Argile.<\/p>\n<p>&nbsp;<\/p>\n<p><b>Concrete LCDA<\/b><\/p>\n<p>Zna\u010dka sa len v priebehu p\u00e1r rokov stala zn\u00e1mou svojimi inov\u00e1ciami v oblasti bet\u00f3nov\u00fdch rie\u0161en\u00ed v interi\u00e9rovej architekt\u00fare. Bola zalo\u017een\u00e1 troma franc\u00fazskymi podnikate\u013emi, fascinovan\u00fdmi nekone\u010dn\u00fdmi mo\u017enos\u0165ami tohto materi\u00e1lu. V\u010faka ich v\u00e1\u0161ni, origin\u00e1lnym rie\u0161eniam a Matali Crasset na poste kreat\u00edvnej riadite\u013eky, sa portf\u00f3lio firmy r\u00fdchlo rozr\u00e1stlo a rozdelilo do troch zna\u010diek: Panbeton\u00ae, Slimbeton\u00ae a Beton Lege\u00ae.<\/p>\n<p>&nbsp;<\/p>\n<p><strong>Argile<\/strong><\/p>\n<p>Vytvorenie Argile, Couleurs de Terre, poch\u00e1dza z my\u0161lienky, ktor\u00fa evokuje samotn\u00e9 meno zna\u010dky: \u010derpa\u0165 in\u0161pir\u00e1ciu z prirodzen\u00fdch farieb zeme, z ich harm\u00f3nie, jemnosti a ich emocion\u00e1lnej sily. Nad\u010dasov\u00e1 paleta farieb \u010faleko presahuje prchavos\u0165 trendov. Filozofia spolo\u010dnosti, ktor\u00fa zalo\u017eil belgi\u010dan Jean Fr\u00e9d\u00e9ric Nothomb, je pon\u00faknu\u0165 pr\u00e9miov\u00e9 farby schopn\u00e9 in\u0161pirova\u0165 architektov, dekorat\u00e9rov a dizajn\u00e9rov.<\/p>\n<p>&nbsp;<\/p>\n<p>[button colour=\"grey\" type=\"0\u2033 size=\"small\" link=\"http:\/\/<a href=\"http:\/\/www.aclass-studio.com\/\">www.aclass-studio.com<\/a>\/&#8220; target=&#8220;_self&#8220;]www.aclass-studio.com[\/button]<\/p>\n<p>[\/vc_column_text] [vc_column_text pb_margin_bottom=&#8220;no&#8220; pb_border_bottom=&#8220;no&#8220; width=&#8220;1\/2&#8243; el_position=&#8220;last&#8220;]<\/p>\n<p>&nbsp;<\/p>\n<p>&nbsp;<\/p>\n<p>&nbsp;<\/p>\n<p><a href=\"http:\/\/www.bratislavadesignweek.sk\/wp-content\/uploads\/2017\/05\/concrete-lcda.jpg\"><img fetchpriority=\"high\" decoding=\"async\" class=\"wp-image-6782 aligncenter\" src=\"http:\/\/www.bratislavadesignweek.sk\/wp-content\/uploads\/2017\/05\/concrete-lcda-300x200.jpg\" alt=\"\" width=\"449\" height=\"299\" srcset=\"https:\/\/www.bratislavadesignweek.sk\/wp-content\/uploads\/2017\/05\/concrete-lcda-300x200.jpg 300w, https:\/\/www.bratislavadesignweek.sk\/wp-content\/uploads\/2017\/05\/concrete-lcda-768x512.jpg 768w, https:\/\/www.bratislavadesignweek.sk\/wp-content\/uploads\/2017\/05\/concrete-lcda.jpg 1000w\" sizes=\"(max-width: 449px) 100vw, 449px\" \/><\/a><\/p>\n<p>&nbsp;<\/p>\n<p>&nbsp;<\/p>\n<p style=\"text-align: center;\"><a href=\"http:\/\/www.bratislavadesignweek.sk\/wp-content\/uploads\/2017\/05\/argile.jpg\"><img decoding=\"async\" class=\"alignnone wp-image-6784\" src=\"http:\/\/www.bratislavadesignweek.sk\/wp-content\/uploads\/2017\/05\/argile-300x202.jpg\" alt=\"\" width=\"449\" height=\"302\" srcset=\"https:\/\/www.bratislavadesignweek.sk\/wp-content\/uploads\/2017\/05\/argile-300x202.jpg 300w, https:\/\/www.bratislavadesignweek.sk\/wp-content\/uploads\/2017\/05\/argile-768x516.jpg 768w, https:\/\/www.bratislavadesignweek.sk\/wp-content\/uploads\/2017\/05\/argile.jpg 1000w\" sizes=\"(max-width: 449px) 100vw, 449px\" \/><\/a><\/p>\n<p>[\/vc_column_text]<\/p>","protected":false},"excerpt":{"rendered":"<p>[vc_column_text pb_margin_bottom=&#8220;no&#8220; pb_border_bottom=&#8220;no&#8220; width=&#8220;1\/2&#8243; el_position=&#8220;first&#8220;] &nbsp; A Class Studio Za\u010diatkom tohto roka sa v\u00a0jednom z\u00a0mestsk\u00fdch domov na Karpatskej ulici v\u00a0Bratislave us\u00eddlilo mlad\u00e9 dizajn\u00e9rske \u0161t\u00fadio, veden\u00e9 absolventkou V\u0160VU Miroslavou Trok\u0161iarovou, s\u00a0cie\u013eom roz\u0161\u00edrenia svojej p\u00f4sobnosti do oblasti materi\u00e1lovej re\u0161er\u0161e a\u00a0dod\u00e1vania v\u00fdnimo\u010dn\u00fdch interi\u00e9rov\u00fdch rie\u0161en\u00ed aj klientom na slovenskom a \u010deskom trhu. Pr\u00edzemie budovy poskytlo priestor k\u00a0vzniknutiu nov\u00e9ho showroomu, [&hellip;]<\/p>","protected":false},"author":6,"featured_media":0,"comment_status":"closed","ping_status":"closed","sticky":false,"template":"","format":"standard","meta":{"footnotes":""},"categories":[895,791],"tags":[],"_links":{"self":[{"href":"https:\/\/www.bratislavadesignweek.sk\/en\/wp-json\/wp\/v2\/posts\/6778"}],"collection":[{"href":"https:\/\/www.bratislavadesignweek.sk\/en\/wp-json\/wp\/v2\/posts"}],"about":[{"href":"https:\/\/www.bratislavadesignweek.sk\/en\/wp-json\/wp\/v2\/types\/post"}],"author":[{"embeddable":true,"href":"https:\/\/www.bratislavadesignweek.sk\/en\/wp-json\/wp\/v2\/users\/6"}],"replies":[{"embeddable":true,"href":"https:\/\/www.bratislavadesignweek.sk\/en\/wp-json\/wp\/v2\/comments?post=6778"}],"version-history":[{"count":9,"href":"https:\/\/www.bratislavadesignweek.sk\/en\/wp-json\/wp\/v2\/posts\/6778\/revisions"}],"predecessor-version":[{"id":6838,"href":"https:\/\/www.bratislavadesignweek.sk\/en\/wp-json\/wp\/v2\/posts\/6778\/revisions\/6838"}],"wp:attachment":[{"href":"https:\/\/www.bratislavadesignweek.sk\/en\/wp-json\/wp\/v2\/media?parent=6778"}],"wp:term":[{"taxonomy":"category","embeddable":true,"href":"https:\/\/www.bratislavadesignweek.sk\/en\/wp-json\/wp\/v2\/categories?post=6778"},{"taxonomy":"post_tag","embeddable":true,"href":"https:\/\/www.bratislavadesignweek.sk\/en\/wp-json\/wp\/v2\/tags?post=6778"}],"curies":[{"name":"wp","href":"https:\/\/api.w.org\/{rel}","templated":true}]}}