{"id":6801,"date":"2017-05-16T20:51:41","date_gmt":"2017-05-16T19:51:41","guid":{"rendered":"http:\/\/www.bratislavadesignweek.sk\/?p=6801"},"modified":"2024-09-25T12:21:30","modified_gmt":"2024-09-25T10:21:30","slug":"flatgallery-parallel-area","status":"publish","type":"post","link":"https:\/\/www.bratislavadesignweek.sk\/en\/flatgallery-parallel-area\/","title":{"rendered":"Flatgallery \/ Parallel area"},"content":{"rendered":"<p>[vc_column_text pb_margin_bottom=&#8220;no&#8220; pb_border_bottom=&#8220;no&#8220; width=&#8220;1\/2&#8243; el_position=&#8220;first&#8220;]<\/p>\n<p class=\"impact-text\">Flatgallery<\/p>\n<p>Flatgallery je jedine\u010dn\u00fd projekt bytovej gal\u00e9rie v centre Bratislavy, ktor\u00fd je zameran\u00fd na prezent\u00e1ciu s\u00fa\u010dasnej v\u00fdtvarnej tvorby mlad\u00fdch autorov, preva\u017ene dom\u00e1cej proveniencie. Tento rok v decembri gal\u00e9ria zaznamen\u00e1 5 rokov svojej existencie pod kur\u00e1torskym veden\u00edm Andreja Jaro\u0161a, ako aj in\u00fdch prizvan\u00fdch kur\u00e1torov. Po\u010das jedn\u00e9ho roka sa vystrieda\u00a07 v\u00fdstav\u00a0pribli\u017ene v dvojmesa\u010dn\u00fdch intervaloch. Okrem ma\u013eby, kresby, grafiky a fotografi\u00ed, dost\u00e1va priestor na prezent\u00e1ciu aj dizajn, objekt a videoart. Tento rok Flatgallery prv\u00fd kr\u00e1t participuje na projekte BADW 2017 vystaven\u00edm sklenen\u00fdch objektov od autorskej dvojice Illola (Patrik Illo a Aleksandra Stencel), porcel\u00e1nu od dvojice Mark\u00e9ta Nov\u00e1kov\u00e1 a Mira Podmanick\u00e1, autorsk\u00e9 n\u00e1ramkov\u00e9 hodinky od Tom\u00e1\u0161a Ondrou\u0161ka, ako aj ma\u013eovan\u00e9 dreven\u00e9 produkty od firmy Markovi\u010d.<\/p>\n<p>&nbsp;<\/p>\n<p>[\/vc_column_text] [vc_column_text pb_margin_bottom=&#8220;no&#8220; pb_border_bottom=&#8220;no&#8220; width=&#8220;1\/2&#8243; el_position=&#8220;last&#8220;]<\/p>\n<p>&nbsp;<\/p>\n<p style=\"text-align: center;\"><a href=\"http:\/\/www.bratislavadesignweek.sk\/wp-content\/uploads\/2017\/05\/Flatgallery.jpg\"><img fetchpriority=\"high\" decoding=\"async\" class=\"alignnone wp-image-6802\" src=\"http:\/\/www.bratislavadesignweek.sk\/wp-content\/uploads\/2017\/05\/Flatgallery-300x225.jpg\" alt=\"\" width=\"432\" height=\"324\" \/><\/a><\/p>\n<p>[\/vc_column_text]<\/p>","protected":false},"excerpt":{"rendered":"<p>[vc_column_text pb_margin_bottom=&#8220;no&#8220; pb_border_bottom=&#8220;no&#8220; width=&#8220;1\/2&#8243; el_position=&#8220;first&#8220;] Flatgallery Flatgallery je jedine\u010dn\u00fd projekt bytovej gal\u00e9rie v centre Bratislavy, ktor\u00fd je zameran\u00fd na prezent\u00e1ciu s\u00fa\u010dasnej v\u00fdtvarnej tvorby mlad\u00fdch autorov, preva\u017ene dom\u00e1cej proveniencie. Tento rok v decembri gal\u00e9ria zaznamen\u00e1 5 rokov svojej existencie pod kur\u00e1torskym veden\u00edm Andreja Jaro\u0161a, ako aj in\u00fdch prizvan\u00fdch kur\u00e1torov. Po\u010das jedn\u00e9ho roka sa vystrieda\u00a07 v\u00fdstav\u00a0pribli\u017ene v [&hellip;]<\/p>","protected":false},"author":6,"featured_media":0,"comment_status":"closed","ping_status":"closed","sticky":false,"template":"","format":"standard","meta":{"footnotes":""},"categories":[895,791],"tags":[],"_links":{"self":[{"href":"https:\/\/www.bratislavadesignweek.sk\/en\/wp-json\/wp\/v2\/posts\/6801"}],"collection":[{"href":"https:\/\/www.bratislavadesignweek.sk\/en\/wp-json\/wp\/v2\/posts"}],"about":[{"href":"https:\/\/www.bratislavadesignweek.sk\/en\/wp-json\/wp\/v2\/types\/post"}],"author":[{"embeddable":true,"href":"https:\/\/www.bratislavadesignweek.sk\/en\/wp-json\/wp\/v2\/users\/6"}],"replies":[{"embeddable":true,"href":"https:\/\/www.bratislavadesignweek.sk\/en\/wp-json\/wp\/v2\/comments?post=6801"}],"version-history":[{"count":4,"href":"https:\/\/www.bratislavadesignweek.sk\/en\/wp-json\/wp\/v2\/posts\/6801\/revisions"}],"predecessor-version":[{"id":6834,"href":"https:\/\/www.bratislavadesignweek.sk\/en\/wp-json\/wp\/v2\/posts\/6801\/revisions\/6834"}],"wp:attachment":[{"href":"https:\/\/www.bratislavadesignweek.sk\/en\/wp-json\/wp\/v2\/media?parent=6801"}],"wp:term":[{"taxonomy":"category","embeddable":true,"href":"https:\/\/www.bratislavadesignweek.sk\/en\/wp-json\/wp\/v2\/categories?post=6801"},{"taxonomy":"post_tag","embeddable":true,"href":"https:\/\/www.bratislavadesignweek.sk\/en\/wp-json\/wp\/v2\/tags?post=6801"}],"curies":[{"name":"wp","href":"https:\/\/api.w.org\/{rel}","templated":true}]}}