{"id":6806,"date":"2017-05-16T21:31:51","date_gmt":"2017-05-16T20:31:51","guid":{"rendered":"http:\/\/www.bratislavadesignweek.sk\/?p=6806"},"modified":"2024-09-25T12:21:30","modified_gmt":"2024-09-25T10:21:30","slug":"jakub-berdych-v-galerii-nova-parallel-area","status":"publish","type":"post","link":"https:\/\/www.bratislavadesignweek.sk\/en\/jakub-berdych-v-galerii-nova-parallel-area\/","title":{"rendered":"Jakub Berdych v Gal\u00e9rii Nova \/ Parallel area"},"content":{"rendered":"<p>[vc_column_text pb_margin_bottom=&#8220;no&#8220; pb_border_bottom=&#8220;no&#8220; width=&#8220;1\/2&#8243; el_position=&#8220;first&#8220;]<\/p>\n<p class=\"impact-text\">Jakub Berdych v gal\u00e9rii NOVA<\/p>\n<p>Gal\u00e9ria Nova otvor\u00ed 6.\u00a0j\u00fana v\u00fdstavu \u010desk\u00e9ho dizajn\u00e9ra a v\u00fdtvarn\u00edka Jakuba Berdycha (1971). Propag\u00e1tor \u010desk\u00e9ho dizajnu v\u00a0zahrani\u010d\u00ed, dr\u017eite\u013e nieko\u013ek\u00fdch ocenen\u00ed Czech Grand Design a\u00a0od roku majite\u013e \u00faspe\u0161nej zna\u010dky Qubus (design shop a\u00a0\u0161t\u00fadio) sa vo svojich posledn\u00fdch kolekci\u00e1ch venuje predov\u0161etk\u00fdm konceptu\u00e1lnemu dizajnu v\u00a0tradi\u010dn\u00fdch \u010desk\u00fdch materi\u00e1loch ako je sklo a\u00a0porcel\u00e1n. Pod zna\u010dkou Qubus od roku 2002 produjkuje cel\u00fd rad pr\u00e1c, ucelen\u00fdch kolekci\u00ed a\u00a0produktov so signifikantn\u00fdm rukopisom. \u010casto pracuje s\u00a0n\u00e1jden\u00fdmi predmetmi alebo recykluje klasick\u00e9 sklen\u00e9 artefakty, ako s\u00fa br\u00fasen\u00e9 v\u00e1zy po prarodi\u010doch, ktor\u00fdm d\u00e1va nov\u00fd tvar a\u00a0zmyslel. Uk\u00e1\u017eky tvorby, prezentovan\u00e9 v\u00a0gal\u00e9rii NOVA bud\u00fa zast\u00fapen\u00e9 autorovymi vlastn\u00fdmi dizajn\u00e9rskymi objektmi v\u00e4\u010d\u0161inou zo skla.<\/p>\n<p>&nbsp;<\/p>\n<p>[\/vc_column_text] [vc_column_text pb_margin_bottom=&#8220;no&#8220; pb_border_bottom=&#8220;no&#8220; width=&#8220;1\/2&#8243; el_position=&#8220;last&#8220;]<\/p>\n<p>&nbsp;<\/p>\n<p>&nbsp;<\/p>\n<p style=\"text-align: center;\"><a href=\"http:\/\/www.bratislavadesignweek.sk\/wp-content\/uploads\/2017\/05\/jakub-bedrych.jpg\"><img fetchpriority=\"high\" decoding=\"async\" class=\"alignnone wp-image-6807\" src=\"http:\/\/www.bratislavadesignweek.sk\/wp-content\/uploads\/2017\/05\/jakub-bedrych-300x180.jpg\" alt=\"\" width=\"506\" height=\"303\" \/><\/a><\/p>\n<p>[\/vc_column_text]<\/p>","protected":false},"excerpt":{"rendered":"<p>[vc_column_text pb_margin_bottom=&#8220;no&#8220; pb_border_bottom=&#8220;no&#8220; width=&#8220;1\/2&#8243; el_position=&#8220;first&#8220;] Jakub Berdych v gal\u00e9rii NOVA Gal\u00e9ria Nova otvor\u00ed 6.\u00a0j\u00fana v\u00fdstavu \u010desk\u00e9ho dizajn\u00e9ra a v\u00fdtvarn\u00edka Jakuba Berdycha (1971). Propag\u00e1tor \u010desk\u00e9ho dizajnu v\u00a0zahrani\u010d\u00ed, dr\u017eite\u013e nieko\u013ek\u00fdch ocenen\u00ed Czech Grand Design a\u00a0od roku majite\u013e \u00faspe\u0161nej zna\u010dky Qubus (design shop a\u00a0\u0161t\u00fadio) sa vo svojich posledn\u00fdch kolekci\u00e1ch venuje predov\u0161etk\u00fdm konceptu\u00e1lnemu dizajnu v\u00a0tradi\u010dn\u00fdch \u010desk\u00fdch materi\u00e1loch ako je [&hellip;]<\/p>","protected":false},"author":6,"featured_media":0,"comment_status":"closed","ping_status":"closed","sticky":false,"template":"","format":"standard","meta":{"footnotes":""},"categories":[634,895],"tags":[],"_links":{"self":[{"href":"https:\/\/www.bratislavadesignweek.sk\/en\/wp-json\/wp\/v2\/posts\/6806"}],"collection":[{"href":"https:\/\/www.bratislavadesignweek.sk\/en\/wp-json\/wp\/v2\/posts"}],"about":[{"href":"https:\/\/www.bratislavadesignweek.sk\/en\/wp-json\/wp\/v2\/types\/post"}],"author":[{"embeddable":true,"href":"https:\/\/www.bratislavadesignweek.sk\/en\/wp-json\/wp\/v2\/users\/6"}],"replies":[{"embeddable":true,"href":"https:\/\/www.bratislavadesignweek.sk\/en\/wp-json\/wp\/v2\/comments?post=6806"}],"version-history":[{"count":6,"href":"https:\/\/www.bratislavadesignweek.sk\/en\/wp-json\/wp\/v2\/posts\/6806\/revisions"}],"predecessor-version":[{"id":6833,"href":"https:\/\/www.bratislavadesignweek.sk\/en\/wp-json\/wp\/v2\/posts\/6806\/revisions\/6833"}],"wp:attachment":[{"href":"https:\/\/www.bratislavadesignweek.sk\/en\/wp-json\/wp\/v2\/media?parent=6806"}],"wp:term":[{"taxonomy":"category","embeddable":true,"href":"https:\/\/www.bratislavadesignweek.sk\/en\/wp-json\/wp\/v2\/categories?post=6806"},{"taxonomy":"post_tag","embeddable":true,"href":"https:\/\/www.bratislavadesignweek.sk\/en\/wp-json\/wp\/v2\/tags?post=6806"}],"curies":[{"name":"wp","href":"https:\/\/api.w.org\/{rel}","templated":true}]}}