{"id":6811,"date":"2017-05-16T22:01:48","date_gmt":"2017-05-16T21:01:48","guid":{"rendered":"http:\/\/www.bratislavadesignweek.sk\/?p=6811"},"modified":"2024-09-25T12:21:30","modified_gmt":"2024-09-25T10:21:30","slug":"uluv-parallel-area","status":"publish","type":"post","link":"https:\/\/www.bratislavadesignweek.sk\/en\/uluv-parallel-area\/","title":{"rendered":"\u00da\u013dUV \/ Parallel area"},"content":{"rendered":"<p>[vc_column_text pb_margin_bottom=&#8220;no&#8220; pb_border_bottom=&#8220;no&#8220; width=&#8220;1\/2&#8243; el_position=&#8220;first&#8220;]<\/p>\n<p>&nbsp;<\/p>\n<p class=\"impact-text\">Design studio \u00da\u013dUV<\/p>\n<p>Od roku\u00a02000\u00a0je v Bratislave\u00a0v\u00fdstavn\u00fd priestor \u00dastredia \u013eudovej umeleckej v\u00fdroby s n\u00e1zvom Dizajn \u0161t\u00fadio \u00da\u013dUV na Dobrovi\u010dovej 13. Filozofia Dizajn \u0161t\u00fadia vych\u00e1dza z potreby zvidite\u013e\u0148ova\u0165 p\u00f4vodn\u00fd slovensk\u00fd dizajn zameran\u00fd na remesl\u00e1, dizajn so zna\u010dkou trad\u00edcie a kreativity. Predmety a diela prezentovan\u00e9 v Dizajn \u0161t\u00fadiu charakterizuje najm\u00e4 orient\u00e1cia na tradi\u010dn\u00e9, klasick\u00e9 technol\u00f3gie a tie\u017e vyu\u017e\u00edvanie\u00a0pr\u00edrodn\u00fdch materi\u00e1lov v spojen\u00ed s origin\u00e1lnou my\u0161lienkou.<\/p>\n<p><strong>V\u00fdstava Sed\u00ed to<\/strong><\/p>\n<p>Retro stoli\u010dky od zn\u00e1mych slovensk\u00fdch dizajn\u00e9rov z obdobia od 50. a\u017e do 80. rokov o\u017eili v ruk\u00e1ch \u0161tudentiek z Ateli\u00e9ru textilnej tvorby v\u00a0priestore z V\u0160VU. Origin\u00e1lne tkan\u00e9 \u010dal\u00fanenia stoli\u010diek privodia n\u00e1v\u0161tevn\u00edkom spomienky na dobov\u00e9 plag\u00e1ty, reklamy, ale aj na popul\u00e1rny automobil Favorit a telovky zo spartaki\u00e1dy. Tvoriv\u00fdm r\u00e1mcom sa stal samotn\u00fd dizajn stoli\u010diek z\u00a0obdobia od konca 50. a\u017e do za\u010diatku 80. rokov minul\u00e9ho storo\u010dia. Ka\u017ed\u00e1 stoli\u010dka, kreslo nesie typick\u00e9 znaky dizajnu svojej doby. Najstar\u0161\u00edm kusom kolekcie je sklolamin\u00e1tov\u00e1 stoli\u010dka Franti\u0161ka Jir\u00e1ka z roku 1958. Nech\u00fdba ani ikonick\u00fd sedac\u00ed n\u00e1bytok Viliama Chleba z roku 1978 s typicky oh\u00fdbanou r\u00farkovou kon\u0161trukciou. Cel\u00fd koncept projektu Sed\u00ed to vytvoril obl\u00fak medzi minulos\u0165ou a\u00a0s\u00fa\u010dasnos\u0165ou, medzi dobov\u00fdm dizajnom a\u00a0modern\u00fdmi technol\u00f3giami. Zapadnut\u00e9 prachom sa uk\u00e1zalo ako svie\u017ei zdroj in\u0161pir\u00e1cie a\u00a0obohacuj\u00faceho poznania. Jednoducho, sed\u00ed to.<\/p>\n<p>[button colour=\"grey\" type=\"0\u2033 size=\"small\" link=\"http:\/\/<a href=\"http:\/\/www.uluv.sk\/\">www.uluv.sk<\/a>\/&#8220; target=&#8220;_self&#8220;]www.uluv.sk[\/button]<\/p>\n<p>[\/vc_column_text] [vc_column_text pb_margin_bottom=&#8220;no&#8220; pb_border_bottom=&#8220;no&#8220; width=&#8220;1\/2&#8243; el_position=&#8220;last&#8220;]<\/p>\n<p>&nbsp;<\/p>\n<p>&nbsp;<\/p>\n<p style=\"text-align: center;\"><a href=\"http:\/\/www.bratislavadesignweek.sk\/wp-content\/uploads\/2017\/05\/gerbocova01_FB.jpg\"><img fetchpriority=\"high\" decoding=\"async\" class=\"alignnone wp-image-6814\" src=\"http:\/\/www.bratislavadesignweek.sk\/wp-content\/uploads\/2017\/05\/gerbocova01_FB-200x300.jpg\" alt=\"\" width=\"353\" height=\"530\" \/><\/a><\/p>\n<p>[\/vc_column_text]<\/p>","protected":false},"excerpt":{"rendered":"<p>[vc_column_text pb_margin_bottom=&#8220;no&#8220; pb_border_bottom=&#8220;no&#8220; width=&#8220;1\/2&#8243; el_position=&#8220;first&#8220;] &nbsp; Dizajn \u0161t\u00fadio \u00da\u013dUV Od roku\u00a02000\u00a0je v Bratislave\u00a0v\u00fdstavn\u00fd priestor \u00dastredia \u013eudovej umeleckej v\u00fdroby s n\u00e1zvom Dizajn \u0161t\u00fadio \u00da\u013dUV na Dobrovi\u010dovej 13. Filozofia Dizajn \u0161t\u00fadia vych\u00e1dza z potreby zvidite\u013e\u0148ova\u0165 p\u00f4vodn\u00fd slovensk\u00fd dizajn zameran\u00fd na remesl\u00e1, dizajn so zna\u010dkou trad\u00edcie a kreativity. Predmety a diela prezentovan\u00e9 v Dizajn \u0161t\u00fadiu charakterizuje najm\u00e4 orient\u00e1cia [&hellip;]<\/p>","protected":false},"author":6,"featured_media":0,"comment_status":"closed","ping_status":"closed","sticky":false,"template":"","format":"standard","meta":{"footnotes":""},"categories":[895,791],"tags":[],"_links":{"self":[{"href":"https:\/\/www.bratislavadesignweek.sk\/en\/wp-json\/wp\/v2\/posts\/6811"}],"collection":[{"href":"https:\/\/www.bratislavadesignweek.sk\/en\/wp-json\/wp\/v2\/posts"}],"about":[{"href":"https:\/\/www.bratislavadesignweek.sk\/en\/wp-json\/wp\/v2\/types\/post"}],"author":[{"embeddable":true,"href":"https:\/\/www.bratislavadesignweek.sk\/en\/wp-json\/wp\/v2\/users\/6"}],"replies":[{"embeddable":true,"href":"https:\/\/www.bratislavadesignweek.sk\/en\/wp-json\/wp\/v2\/comments?post=6811"}],"version-history":[{"count":2,"href":"https:\/\/www.bratislavadesignweek.sk\/en\/wp-json\/wp\/v2\/posts\/6811\/revisions"}],"predecessor-version":[{"id":6866,"href":"https:\/\/www.bratislavadesignweek.sk\/en\/wp-json\/wp\/v2\/posts\/6811\/revisions\/6866"}],"wp:attachment":[{"href":"https:\/\/www.bratislavadesignweek.sk\/en\/wp-json\/wp\/v2\/media?parent=6811"}],"wp:term":[{"taxonomy":"category","embeddable":true,"href":"https:\/\/www.bratislavadesignweek.sk\/en\/wp-json\/wp\/v2\/categories?post=6811"},{"taxonomy":"post_tag","embeddable":true,"href":"https:\/\/www.bratislavadesignweek.sk\/en\/wp-json\/wp\/v2\/tags?post=6811"}],"curies":[{"name":"wp","href":"https:\/\/api.w.org\/{rel}","templated":true}]}}