{"id":6817,"date":"2017-05-17T18:31:17","date_gmt":"2017-05-17T17:31:17","guid":{"rendered":"http:\/\/www.bratislavadesignweek.sk\/?p=6817"},"modified":"2024-09-25T12:21:30","modified_gmt":"2024-09-25T10:21:30","slug":"katedra-vizualnej-komunikacie-vsvu-parallel-area","status":"publish","type":"post","link":"https:\/\/www.bratislavadesignweek.sk\/en\/katedra-vizualnej-komunikacie-vsvu-parallel-area\/","title":{"rendered":"Katedra vizu\u00e1lnej komunik\u00e1cie V\u0160VU \/ Parallel area"},"content":{"rendered":"<p>[vc_column_text pb_margin_bottom=&#8220;no&#8220; pb_border_bottom=&#8220;no&#8220; width=&#8220;1\/2&#8243; el_position=&#8220;first&#8220;]<\/p>\n<p>&nbsp;<\/p>\n<p class=\"impact-text\">Department of Visual Communication<\/p>\n<p class=\"impact-text\">\n<p><strong>Start is the goal<\/strong><\/p>\n<p>The defence\/exhibition of the diploma theses of the students of the Master's Degree of the Department of Visual Communication of the Academy of Fine Arts in Bratislava, which will take place in the Dunaj department store on the 2nd floor. The presented projects map almost all disciplines of graphic design. You can look forward to typeface design, original publications, experimental typography, visual identities, complemented by spatial installations.<\/p>\n<p>[\/vc_column_text] [vc_column_text pb_margin_bottom=&#8220;no&#8220; pb_border_bottom=&#8220;no&#8220; width=&#8220;1\/2&#8243; el_position=&#8220;last&#8220;]<\/p>\n<p>&nbsp;<\/p>\n<p>&nbsp;<\/p>\n<p style=\"text-align: center;\"><a href=\"http:\/\/www.bratislavadesignweek.sk\/wp-content\/uploads\/2017\/05\/start-je-ciel-small-3-mensie.jpg\"><img fetchpriority=\"high\" decoding=\"async\" class=\"alignnone wp-image-6819\" src=\"http:\/\/www.bratislavadesignweek.sk\/wp-content\/uploads\/2017\/05\/start-je-ciel-small-3-mensie-300x200.jpg\" alt=\"\" width=\"502\" height=\"334\" \/><\/a><\/p>\n<p>[\/vc_column_text]<\/p>","protected":false},"excerpt":{"rendered":"<p>[vc_column_text pb_margin_bottom=&#8220;no&#8220; pb_border_bottom=&#8220;no&#8220; width=&#8220;1\/2&#8243; el_position=&#8220;first&#8220;] &nbsp; Katedra vizu\u00e1lnej komunik\u00e1cie \u0160tart je cie\u013e Obhajoba\/v\u00fdstava diplomov\u00fdch pr\u00e1c \u0161tudentov magistersk\u00e9ho \u0161t\u00fadia Katedry vizu\u00e1lnej komunik\u00e1cie V\u0160VU v Bratislave, ktor\u00e9 sa uskuto\u010dnia v obchodnom dome Dunaj na 2 poschod\u00ed. Prezentovan\u00e9 projekty mapuj\u00fa takmer v\u0161etky discipl\u00edny grafick\u00e9ho dizajnu. M\u00f4\u017eete sa te\u0161i\u0165 na dizajn p\u00edsma, autorsk\u00e9 publik\u00e1cie, experiment\u00e1lnu typografiu, vizu\u00e1lne identity, dop\u013a\u0148an\u00e9 [&hellip;]<\/p>","protected":false},"author":6,"featured_media":0,"comment_status":"closed","ping_status":"closed","sticky":false,"template":"","format":"standard","meta":{"footnotes":""},"categories":[895,791],"tags":[],"_links":{"self":[{"href":"https:\/\/www.bratislavadesignweek.sk\/en\/wp-json\/wp\/v2\/posts\/6817"}],"collection":[{"href":"https:\/\/www.bratislavadesignweek.sk\/en\/wp-json\/wp\/v2\/posts"}],"about":[{"href":"https:\/\/www.bratislavadesignweek.sk\/en\/wp-json\/wp\/v2\/types\/post"}],"author":[{"embeddable":true,"href":"https:\/\/www.bratislavadesignweek.sk\/en\/wp-json\/wp\/v2\/users\/6"}],"replies":[{"embeddable":true,"href":"https:\/\/www.bratislavadesignweek.sk\/en\/wp-json\/wp\/v2\/comments?post=6817"}],"version-history":[{"count":3,"href":"https:\/\/www.bratislavadesignweek.sk\/en\/wp-json\/wp\/v2\/posts\/6817\/revisions"}],"predecessor-version":[{"id":6868,"href":"https:\/\/www.bratislavadesignweek.sk\/en\/wp-json\/wp\/v2\/posts\/6817\/revisions\/6868"}],"wp:attachment":[{"href":"https:\/\/www.bratislavadesignweek.sk\/en\/wp-json\/wp\/v2\/media?parent=6817"}],"wp:term":[{"taxonomy":"category","embeddable":true,"href":"https:\/\/www.bratislavadesignweek.sk\/en\/wp-json\/wp\/v2\/categories?post=6817"},{"taxonomy":"post_tag","embeddable":true,"href":"https:\/\/www.bratislavadesignweek.sk\/en\/wp-json\/wp\/v2\/tags?post=6817"}],"curies":[{"name":"wp","href":"https:\/\/api.w.org\/{rel}","templated":true}]}}