{"id":6871,"date":"2017-05-19T13:35:23","date_gmt":"2017-05-19T12:35:23","guid":{"rendered":"http:\/\/www.bratislavadesignweek.sk\/?p=6871"},"modified":"2024-09-25T12:21:29","modified_gmt":"2024-09-25T10:21:29","slug":"katedra-textilu-vsvu-parallel-area","status":"publish","type":"post","link":"https:\/\/www.bratislavadesignweek.sk\/en\/katedra-textilu-vsvu-parallel-area\/","title":{"rendered":"Katedra textilu V\u0160VU \/ Parallel area"},"content":{"rendered":"<p>[vc_column_text pb_margin_bottom=&#8220;no&#8220; pb_border_bottom=&#8220;no&#8220; width=&#8220;1\/2&#8243; el_position=&#8220;first&#8220;]<\/p>\n<p>&nbsp;<\/p>\n<p class=\"impact-text\">Department of Textiles at the Academy of Fine Arts<\/p>\n<p><strong>Exhibition of graduation diploma theses<\/strong><\/p>\n<p>The authors from V\u0160VU studied for 6 years at the Department of Textiles under the guidance of Blanka Cepkova MA Textiles in Space and in the same spirit is their exhibition full of expressive and even cartoonish stitches. They both deal with figurative motifs but with different handwriting and concept.<\/p>\n<p><strong>Eva \u0160ruba\u0159ov\u00e1<\/strong> and its Mouse-maze individual deals with the insight into the current system of life of civilization and the principle of \"from work to work\". It brings to the fore the individual set apart from the crowd. At the same time, we find in the work a fragile-violent reference to the question of aesthetics and art of today.<\/p>\n<p><strong>Anna Fri\u010dov\u00e1<\/strong> explores the theme of Trance - the depiction of the state of perception in trance. A being in trance perceives different energies and encounters experiences of the spiritual world. The goal is to acquire a result that everyone can perceive differently and at the same time equally. It depends on the way of the observer.<\/p>\n<p>The exhibition is supported by the Slovak Fashion Council.<\/p>\n<p>[\/vc_column_text] [vc_column_text pb_margin_bottom=&#8220;no&#8220; pb_border_bottom=&#8220;no&#8220; width=&#8220;1\/2&#8243; el_position=&#8220;last&#8220;]<\/p>\n<p>&nbsp;<\/p>\n<p>&nbsp;<\/p>\n<p style=\"text-align: center;\"><a href=\"http:\/\/www.bratislavadesignweek.sk\/wp-content\/uploads\/2017\/05\/Srubarova_Fricova-mensie.jpg\"><img fetchpriority=\"high\" decoding=\"async\" class=\"alignnone  wp-image-6872\" src=\"http:\/\/www.bratislavadesignweek.sk\/wp-content\/uploads\/2017\/05\/Srubarova_Fricova-mensie-300x300.jpg\" alt=\"\" width=\"450\" height=\"450\" \/><\/a><\/p>\n<p>[\/vc_column_text]<\/p>","protected":false},"excerpt":{"rendered":"<p>[vc_column_text pb_margin_bottom=&#8220;no&#8220; pb_border_bottom=&#8220;no&#8220; width=&#8220;1\/2&#8243; el_position=&#8220;first&#8220;] &nbsp; Katedra textilu V\u0160VU V\u00fdstava absolventsk\u00fdch diplomov\u00fdch pr\u00e1c Autorky z\u00a0V\u0160VU 6 rokov \u0161tudovali na katedre textilu pod veden\u00edm MA Blanky Cepkovej Textil v\u00a0priestore a\u00a0v rovnakom duchu sa nesie aj ich v\u00fdstava pln\u00e1 expres\u00edvnych a\u017e kresliarskych stehov. Obe sa venuj\u00fa figur\u00e1lnym mot\u00edvom no s\u00a0rozdielnym rukopisom i\u00a0konceptom. Eva \u0160ruba\u0159ov\u00e1 a\u00a0jej My\u0161-ma\u017e indiv\u00edduum [&hellip;]<\/p>","protected":false},"author":6,"featured_media":0,"comment_status":"closed","ping_status":"closed","sticky":false,"template":"","format":"standard","meta":{"footnotes":""},"categories":[895,791],"tags":[],"_links":{"self":[{"href":"https:\/\/www.bratislavadesignweek.sk\/en\/wp-json\/wp\/v2\/posts\/6871"}],"collection":[{"href":"https:\/\/www.bratislavadesignweek.sk\/en\/wp-json\/wp\/v2\/posts"}],"about":[{"href":"https:\/\/www.bratislavadesignweek.sk\/en\/wp-json\/wp\/v2\/types\/post"}],"author":[{"embeddable":true,"href":"https:\/\/www.bratislavadesignweek.sk\/en\/wp-json\/wp\/v2\/users\/6"}],"replies":[{"embeddable":true,"href":"https:\/\/www.bratislavadesignweek.sk\/en\/wp-json\/wp\/v2\/comments?post=6871"}],"version-history":[{"count":1,"href":"https:\/\/www.bratislavadesignweek.sk\/en\/wp-json\/wp\/v2\/posts\/6871\/revisions"}],"predecessor-version":[{"id":6873,"href":"https:\/\/www.bratislavadesignweek.sk\/en\/wp-json\/wp\/v2\/posts\/6871\/revisions\/6873"}],"wp:attachment":[{"href":"https:\/\/www.bratislavadesignweek.sk\/en\/wp-json\/wp\/v2\/media?parent=6871"}],"wp:term":[{"taxonomy":"category","embeddable":true,"href":"https:\/\/www.bratislavadesignweek.sk\/en\/wp-json\/wp\/v2\/categories?post=6871"},{"taxonomy":"post_tag","embeddable":true,"href":"https:\/\/www.bratislavadesignweek.sk\/en\/wp-json\/wp\/v2\/tags?post=6871"}],"curies":[{"name":"wp","href":"https:\/\/api.w.org\/{rel}","templated":true}]}}