{"id":6877,"date":"2017-05-19T14:09:22","date_gmt":"2017-05-19T13:09:22","guid":{"rendered":"http:\/\/www.bratislavadesignweek.sk\/?p=6877"},"modified":"2024-09-25T12:21:29","modified_gmt":"2024-09-25T10:21:29","slug":"maja-bozovic-design-lab","status":"publish","type":"post","link":"https:\/\/www.bratislavadesignweek.sk\/en\/maja-bozovic-design-lab\/","title":{"rendered":"Maja Bo\u017eovi\u0107 \/ Design lab"},"content":{"rendered":"<p>[vc_column_text pb_margin_bottom=&#8220;no&#8220; pb_border_bottom=&#8220;no&#8220; width=&#8220;1\/2&#8243; el_position=&#8220;first&#8220;]<\/p>\n<p>&nbsp;<\/p>\n<p class=\"impact-text\">Maja Bo\u017eovi\u0107<\/p>\n<p>Maja Bo\u017eovi\u0107 je absolventkou odevn\u00e9ho dizajnu na V\u0160VU v Bratislave. Odborn\u00e9 sk\u00fasenosti nadobudla v belgick\u00fdch avantgardn\u00fdch \u0161t\u00fadi\u00e1ch ako s\u00fa A. F. Vandevorst, Honest by Bruno Pieters, \u010di Trois Quarts, a tie\u017e v \u0161t\u00fadiu MayaMay v Bratislave. Za svoju tvorbu z\u00edskala prv\u00e9 miesto na Mercedes-Benz Prague Fashion Week v roku 2012, ocenenie Mlad\u00fd m\u00f3dny tvorca od Nad\u00e1cie Tatra Banky 2013 a Best Fashion Graduate 2014 od Slovak Fashion Council. V s\u00fa\u010dasnosti autorka smeruje svoju tvorbu k Sustaniable fashion, pri\u010dom sa riadi my\u0161lienkou \u201eupcycle a recycle\u201c.<\/p>\n<p>V kolekcii Luxury Problems pou\u017e\u00edva na zhotovenie modelov upcycle, organick\u00e9 a netradi\u010dn\u00e9 materi\u00e1ly. V tomto diele sa zaober\u00e1 ot\u00e1zkami osobnej a kolekt\u00edvnej identity. Ot\u00e1zka \u201ekto sme\u201c sa v jej tvorbe t\u00fdka preva\u017ene du\u0161evn\u00e9ho rozmeru \u010dloveka, \u013eudsk\u00fdch preferenci\u00ed, hodn\u00f4t a t\u00fa\u017eob. Prostredn\u00edctvom odevn\u00fdch siluet, farieb a detailov sa sna\u017e\u00ed vyvola\u0165 pocity r\u00f4znorodosti a hravosti, ktor\u00e9 existuj\u00fa medzi nami.<\/p>\n<p>Projekt bol podporen\u00fd Nad\u00e1ciou Tatra banka.<\/p>\n<p>[button colour=\"grey\" type=\"0\u2033 size=\"small\" link=\"http:\/\/<a href=\"http:\/\/www.majabozovicstudio.com\/\">www.majabozovicstudio.com<\/a>\/site\/\" target=\"_self\"]www.majabozovicstudio.com[\/button]<\/p>\n<p>[\/vc_column_text] [vc_column_text pb_margin_bottom=&#8220;no&#8220; pb_border_bottom=&#8220;no&#8220; width=&#8220;1\/2&#8243; el_position=&#8220;last&#8220;]<\/p>\n<p>&nbsp;<\/p>\n<p>&nbsp;<\/p>\n<p>&nbsp;<\/p>\n<p style=\"text-align: center;\"><a href=\"http:\/\/www.bratislavadesignweek.sk\/wp-content\/uploads\/2017\/05\/maja-bozovic.jpg\"><img fetchpriority=\"high\" decoding=\"async\" class=\"alignnone wp-image-6878\" src=\"http:\/\/www.bratislavadesignweek.sk\/wp-content\/uploads\/2017\/05\/maja-bozovic-300x225.jpg\" alt=\"\" width=\"451\" height=\"338\" \/><\/a><\/p>\n<p>[\/vc_column_text]<\/p>","protected":false},"excerpt":{"rendered":"<p>[vc_column_text pb_margin_bottom=&#8220;no&#8220; pb_border_bottom=&#8220;no&#8220; width=&#8220;1\/2&#8243; el_position=&#8220;first&#8220;] &nbsp; Maja Bo\u017eovi\u0107 Maja Bo\u017eovi\u0107 je absolventkou odevn\u00e9ho dizajnu na V\u0160VU v Bratislave. Odborn\u00e9 sk\u00fasenosti nadobudla v belgick\u00fdch avantgardn\u00fdch \u0161t\u00fadi\u00e1ch ako s\u00fa A. F. Vandevorst, Honest by Bruno Pieters, \u010di Trois Quarts, a tie\u017e v \u0161t\u00fadiu MayaMay v Bratislave. Za svoju tvorbu z\u00edskala prv\u00e9 miesto na Mercedes-Benz Prague Fashion Week [&hellip;]<\/p>","protected":false},"author":6,"featured_media":0,"comment_status":"closed","ping_status":"closed","sticky":false,"template":"","format":"standard","meta":{"footnotes":""},"categories":[895,790,786],"tags":[],"_links":{"self":[{"href":"https:\/\/www.bratislavadesignweek.sk\/en\/wp-json\/wp\/v2\/posts\/6877"}],"collection":[{"href":"https:\/\/www.bratislavadesignweek.sk\/en\/wp-json\/wp\/v2\/posts"}],"about":[{"href":"https:\/\/www.bratislavadesignweek.sk\/en\/wp-json\/wp\/v2\/types\/post"}],"author":[{"embeddable":true,"href":"https:\/\/www.bratislavadesignweek.sk\/en\/wp-json\/wp\/v2\/users\/6"}],"replies":[{"embeddable":true,"href":"https:\/\/www.bratislavadesignweek.sk\/en\/wp-json\/wp\/v2\/comments?post=6877"}],"version-history":[{"count":4,"href":"https:\/\/www.bratislavadesignweek.sk\/en\/wp-json\/wp\/v2\/posts\/6877\/revisions"}],"predecessor-version":[{"id":7163,"href":"https:\/\/www.bratislavadesignweek.sk\/en\/wp-json\/wp\/v2\/posts\/6877\/revisions\/7163"}],"wp:attachment":[{"href":"https:\/\/www.bratislavadesignweek.sk\/en\/wp-json\/wp\/v2\/media?parent=6877"}],"wp:term":[{"taxonomy":"category","embeddable":true,"href":"https:\/\/www.bratislavadesignweek.sk\/en\/wp-json\/wp\/v2\/categories?post=6877"},{"taxonomy":"post_tag","embeddable":true,"href":"https:\/\/www.bratislavadesignweek.sk\/en\/wp-json\/wp\/v2\/tags?post=6877"}],"curies":[{"name":"wp","href":"https:\/\/api.w.org\/{rel}","templated":true}]}}