{"id":6903,"date":"2017-05-22T11:46:29","date_gmt":"2017-05-22T10:46:29","guid":{"rendered":"http:\/\/www.bratislavadesignweek.sk\/?p=6903"},"modified":"2024-09-25T12:21:29","modified_gmt":"2024-09-25T10:21:29","slug":"creeme-design-lab","status":"publish","type":"post","link":"https:\/\/www.bratislavadesignweek.sk\/en\/creeme-design-lab\/","title":{"rendered":"Cr\u00e9eme \/ Design lab"},"content":{"rendered":"<p>[vc_column_text pb_margin_bottom=&#8220;no&#8220; pb_border_bottom=&#8220;no&#8220; width=&#8220;1\/2&#8243; el_position=&#8220;first&#8220;]<\/p>\n<p>&nbsp;<\/p>\n<p class=\"impact-text\">Cr\u00e9eme<\/p>\n<p>Cr\u00e9eme (\u0161pan. ver mi) je udr\u017eate\u013en\u00e1 zna\u010dka organickej d\u00e1mskej spodnej bielizne a p\u00e1nskych tri\u010diek v natur\u00e1lne b\u00e9\u017eovej farebnosti, ktor\u00e9 s\u00fa in\u0161pirovan\u00e9 aj biznis dress k\u00f3dom, ke\u010f\u017ee pod bielu ko\u0161e\u013eu nepatr\u00ed in\u00e1 farebnos\u0165 ne\u017e b\u00e9\u017eov\u00e1. Od za\u010diatku navrhuj\u00fa tak, aby z\u00e1kazn\u00edci vedeli oble\u010denie jednoducho separova\u0165. Pou\u017e\u00edvaj\u00fa len GOTS certifikovan\u00e9 materi\u00e1ly a kovov\u00e9 mosadzn\u00e9 zap\u00ednanie, pr\u00e1ve kv\u00f4li tomu, \u017ee kov je najlep\u0161\u00ed cirkul\u00e1rny materi\u00e1l, preto\u017ee sa d\u00e1 st\u00e1le dookola tavi\u0165.<\/p>\n<p>&nbsp;<\/p>\n<p>[\/vc_column_text] [vc_column_text pb_margin_bottom=&#8220;no&#8220; pb_border_bottom=&#8220;no&#8220; width=&#8220;1\/2&#8243; el_position=&#8220;last&#8220;]<\/p>\n<p style=\"text-align: center;\"><a href=\"http:\/\/www.bratislavadesignweek.sk\/wp-content\/uploads\/2017\/05\/creeme-web.jpg\"><img fetchpriority=\"high\" decoding=\"async\" class=\"alignnone  wp-image-6904\" src=\"http:\/\/www.bratislavadesignweek.sk\/wp-content\/uploads\/2017\/05\/creeme-web-300x300.jpg\" alt=\"\" width=\"421\" height=\"421\" \/><\/a><\/p>\n<p>[\/vc_column_text]<\/p>","protected":false},"excerpt":{"rendered":"<p>[vc_column_text pb_margin_bottom=&#8220;no&#8220; pb_border_bottom=&#8220;no&#8220; width=&#8220;1\/2&#8243; el_position=&#8220;first&#8220;] &nbsp; Cr\u00e9eme Cr\u00e9eme (\u0161pan. ver mi) je udr\u017eate\u013en\u00e1 zna\u010dka organickej d\u00e1mskej spodnej bielizne a p\u00e1nskych tri\u010diek v natur\u00e1lne b\u00e9\u017eovej farebnosti, ktor\u00e9 s\u00fa in\u0161pirovan\u00e9 aj biznis dress k\u00f3dom, ke\u010f\u017ee pod bielu ko\u0161e\u013eu nepatr\u00ed in\u00e1 farebnos\u0165 ne\u017e b\u00e9\u017eov\u00e1. Od za\u010diatku navrhuj\u00fa tak, aby z\u00e1kazn\u00edci vedeli oble\u010denie jednoducho separova\u0165. Pou\u017e\u00edvaj\u00fa len GOTS certifikovan\u00e9 [&hellip;]<\/p>","protected":false},"author":6,"featured_media":0,"comment_status":"closed","ping_status":"closed","sticky":false,"template":"","format":"standard","meta":{"footnotes":""},"categories":[895,790,786],"tags":[],"_links":{"self":[{"href":"https:\/\/www.bratislavadesignweek.sk\/en\/wp-json\/wp\/v2\/posts\/6903"}],"collection":[{"href":"https:\/\/www.bratislavadesignweek.sk\/en\/wp-json\/wp\/v2\/posts"}],"about":[{"href":"https:\/\/www.bratislavadesignweek.sk\/en\/wp-json\/wp\/v2\/types\/post"}],"author":[{"embeddable":true,"href":"https:\/\/www.bratislavadesignweek.sk\/en\/wp-json\/wp\/v2\/users\/6"}],"replies":[{"embeddable":true,"href":"https:\/\/www.bratislavadesignweek.sk\/en\/wp-json\/wp\/v2\/comments?post=6903"}],"version-history":[{"count":1,"href":"https:\/\/www.bratislavadesignweek.sk\/en\/wp-json\/wp\/v2\/posts\/6903\/revisions"}],"predecessor-version":[{"id":6905,"href":"https:\/\/www.bratislavadesignweek.sk\/en\/wp-json\/wp\/v2\/posts\/6903\/revisions\/6905"}],"wp:attachment":[{"href":"https:\/\/www.bratislavadesignweek.sk\/en\/wp-json\/wp\/v2\/media?parent=6903"}],"wp:term":[{"taxonomy":"category","embeddable":true,"href":"https:\/\/www.bratislavadesignweek.sk\/en\/wp-json\/wp\/v2\/categories?post=6903"},{"taxonomy":"post_tag","embeddable":true,"href":"https:\/\/www.bratislavadesignweek.sk\/en\/wp-json\/wp\/v2\/tags?post=6903"}],"curies":[{"name":"wp","href":"https:\/\/api.w.org\/{rel}","templated":true}]}}