{"id":6920,"date":"2017-05-22T13:17:31","date_gmt":"2017-05-22T12:17:31","guid":{"rendered":"http:\/\/www.bratislavadesignweek.sk\/?p=6920"},"modified":"2024-09-25T12:21:29","modified_gmt":"2024-09-25T10:21:29","slug":"6920","status":"publish","type":"post","link":"https:\/\/www.bratislavadesignweek.sk\/en\/6920\/","title":{"rendered":"Guapa \/ Design Lab"},"content":{"rendered":"<p>[vc_column_text pb_margin_bottom=&#8220;no&#8220; pb_border_bottom=&#8220;no&#8220; width=&#8220;1\/2&#8243; el_position=&#8220;first&#8220;]<\/p>\n<p>&nbsp;<\/p>\n<p class=\"impact-text\">Guapa<\/p>\n<p>\u0160t\u00fadio Guapa vytv\u00e1ra tapety, l\u00e1tky a interi\u00e9rov\u00e9 doplnky s\u00a0autorsk\u00fdmi vzormi, v\u00a0ktor\u00fdch sa sp\u00e1ja ju\u017eansk\u00fd temperament so seversk\u00fdm minimalizmom. Zna\u010dku Guapa zalo\u017eili Alexandra Var\u0161ov\u00e1 a Eva Kocn\u00e1rov\u00e1 ako prirodzen\u00fd v\u00fdsledok pr\u00edbuzn\u00e9ho poh\u013eadu na grafick\u00fa tvorbu v jej rozmanit\u00fdch podob\u00e1ch. V ich tvorbe hraj\u00fa d\u00f4le\u017eit\u00fa rolu farby\u00a0a experimentovanie s jednoduch\u00fdmi tvarmi\u00a0s cie\u013eom pretvori\u0165 ich na zlo\u017eitej\u0161ie \u0161trukt\u00fary. Hnacou silou je pre nich hravos\u0165 a n\u00e1paditos\u0165, vlastnosti, ktor\u00e9 pova\u017euj\u00fa za z\u00e1klad vesel\u00e9ho a nestarn\u00faceho ducha.\u00a0Tento pocit chc\u00fa zdie\u013ea\u0165 aj s u\u017e\u00edvate\u013emi ich tvorby. Nov\u00fa kolekciu textiln\u00fdch produktov pre Guapu navrhla a vytvorila dizajn\u00e9rka Eva Krist\u00f3f. L\u00e1tky, tapety a doplnky s\u00fa vyr\u00e1ban\u00e9 na Slovensku a v\u00a0\u010ceskej republike<\/p>\n<p>&nbsp;<\/p>\n<p>[\/vc_column_text] [vc_column_text pb_margin_bottom=&#8220;no&#8220; pb_border_bottom=&#8220;no&#8220; width=&#8220;1\/2&#8243; el_position=&#8220;last&#8220;]<\/p>\n<p><a href=\"http:\/\/www.bratislavadesignweek.sk\/wp-content\/uploads\/2017\/05\/guapa.jpg\"><img fetchpriority=\"high\" decoding=\"async\" class=\"wp-image-6921 aligncenter\" src=\"http:\/\/www.bratislavadesignweek.sk\/wp-content\/uploads\/2017\/05\/guapa-300x300.jpg\" alt=\"\" width=\"421\" height=\"421\" \/><\/a><\/p>\n<p>[\/vc_column_text]<\/p>","protected":false},"excerpt":{"rendered":"<p>[vc_column_text pb_margin_bottom=&#8220;no&#8220; pb_border_bottom=&#8220;no&#8220; width=&#8220;1\/2&#8243; el_position=&#8220;first&#8220;] &nbsp; Guapa \u0160t\u00fadio Guapa vytv\u00e1ra tapety, l\u00e1tky a interi\u00e9rov\u00e9 doplnky s\u00a0autorsk\u00fdmi vzormi, v\u00a0ktor\u00fdch sa sp\u00e1ja ju\u017eansk\u00fd temperament so seversk\u00fdm minimalizmom. Zna\u010dku Guapa zalo\u017eili Alexandra Var\u0161ov\u00e1 a Eva Kocn\u00e1rov\u00e1 ako prirodzen\u00fd v\u00fdsledok pr\u00edbuzn\u00e9ho poh\u013eadu na grafick\u00fa tvorbu v jej rozmanit\u00fdch podob\u00e1ch. V ich tvorbe hraj\u00fa d\u00f4le\u017eit\u00fa rolu farby\u00a0a experimentovanie s jednoduch\u00fdmi [&hellip;]<\/p>","protected":false},"author":6,"featured_media":0,"comment_status":"closed","ping_status":"closed","sticky":false,"template":"","format":"standard","meta":{"footnotes":""},"categories":[895,790,786],"tags":[],"_links":{"self":[{"href":"https:\/\/www.bratislavadesignweek.sk\/en\/wp-json\/wp\/v2\/posts\/6920"}],"collection":[{"href":"https:\/\/www.bratislavadesignweek.sk\/en\/wp-json\/wp\/v2\/posts"}],"about":[{"href":"https:\/\/www.bratislavadesignweek.sk\/en\/wp-json\/wp\/v2\/types\/post"}],"author":[{"embeddable":true,"href":"https:\/\/www.bratislavadesignweek.sk\/en\/wp-json\/wp\/v2\/users\/6"}],"replies":[{"embeddable":true,"href":"https:\/\/www.bratislavadesignweek.sk\/en\/wp-json\/wp\/v2\/comments?post=6920"}],"version-history":[{"count":2,"href":"https:\/\/www.bratislavadesignweek.sk\/en\/wp-json\/wp\/v2\/posts\/6920\/revisions"}],"predecessor-version":[{"id":6923,"href":"https:\/\/www.bratislavadesignweek.sk\/en\/wp-json\/wp\/v2\/posts\/6920\/revisions\/6923"}],"wp:attachment":[{"href":"https:\/\/www.bratislavadesignweek.sk\/en\/wp-json\/wp\/v2\/media?parent=6920"}],"wp:term":[{"taxonomy":"category","embeddable":true,"href":"https:\/\/www.bratislavadesignweek.sk\/en\/wp-json\/wp\/v2\/categories?post=6920"},{"taxonomy":"post_tag","embeddable":true,"href":"https:\/\/www.bratislavadesignweek.sk\/en\/wp-json\/wp\/v2\/tags?post=6920"}],"curies":[{"name":"wp","href":"https:\/\/api.w.org\/{rel}","templated":true}]}}