{"id":6924,"date":"2017-05-22T13:25:51","date_gmt":"2017-05-22T12:25:51","guid":{"rendered":"http:\/\/www.bratislavadesignweek.sk\/?p=6924"},"modified":"2024-09-25T12:21:29","modified_gmt":"2024-09-25T10:21:29","slug":"jan-janos-design-lab","status":"publish","type":"post","link":"https:\/\/www.bratislavadesignweek.sk\/en\/jan-janos-design-lab\/","title":{"rendered":"J\u00e1n J\u00e1no\u0161 \/ Design Lab"},"content":{"rendered":"<p>[vc_column_text pb_margin_bottom=&#8220;no&#8220; pb_border_bottom=&#8220;no&#8220; width=&#8220;1\/2&#8243; el_position=&#8220;first&#8220;]<\/p>\n<p>&nbsp;<\/p>\n<p class=\"impact-text\">J\u00e1n Janos<\/p>\n<p><strong>Hora<\/strong><\/p>\n<p>Ateli\u00e9r sa zmenil na Horu. Priestranstvo, ktor\u00e9 treba zmapova\u0165, zakresli\u0165 a zamera\u0165. Ka\u017edodenn\u00e1 mrav\u010dia pr\u00e1ca, ktor\u00fa neu\u013eah\u010duje strm\u00fd ter\u00e9n. Pohyb v krajine si vy\u017eaduje spr\u00e1vnu v\u00fdstroj, sk\u00fasenosti, odhodlanie. Ak ti je smutno, p\u00edskaj si. Ale nezab\u00fadaj by\u0165 v strehu. Tvoja s\u00fastredenos\u0165 \u0165a dovedie k v\u00fdsledku. Spr\u00e1vne zvolen\u00fd chodn\u00edk k \u0161perku.<\/p>\n<p>&nbsp;<\/p>\n<p>[\/vc_column_text] [vc_column_text pb_margin_bottom=&#8220;no&#8220; pb_border_bottom=&#8220;no&#8220; width=&#8220;1\/2&#8243; el_position=&#8220;last&#8220;]<\/p>\n<p style=\"text-align: center;\"><a href=\"http:\/\/www.bratislavadesignweek.sk\/wp-content\/uploads\/2017\/05\/jan-janos.jpg\"><img fetchpriority=\"high\" decoding=\"async\" class=\"alignnone  wp-image-6925\" src=\"http:\/\/www.bratislavadesignweek.sk\/wp-content\/uploads\/2017\/05\/jan-janos-300x200.jpg\" alt=\"\" width=\"444\" height=\"296\" srcset=\"https:\/\/www.bratislavadesignweek.sk\/wp-content\/uploads\/2017\/05\/jan-janos-300x200.jpg 300w, https:\/\/www.bratislavadesignweek.sk\/wp-content\/uploads\/2017\/05\/jan-janos-768x512.jpg 768w, https:\/\/www.bratislavadesignweek.sk\/wp-content\/uploads\/2017\/05\/jan-janos.jpg 1000w\" sizes=\"(max-width: 444px) 100vw, 444px\" \/><\/a><\/p>\n<p>[\/vc_column_text]<\/p>","protected":false},"excerpt":{"rendered":"<p>[vc_column_text pb_margin_bottom=&#8220;no&#8220; pb_border_bottom=&#8220;no&#8220; width=&#8220;1\/2&#8243; el_position=&#8220;first&#8220;] &nbsp; J\u00e1n J\u00e1no\u0161 Hora Ateli\u00e9r sa zmenil na Horu. Priestranstvo, ktor\u00e9 treba zmapova\u0165, zakresli\u0165 a zamera\u0165. Ka\u017edodenn\u00e1 mrav\u010dia pr\u00e1ca, ktor\u00fa neu\u013eah\u010duje strm\u00fd ter\u00e9n. Pohyb v krajine si vy\u017eaduje spr\u00e1vnu v\u00fdstroj, sk\u00fasenosti, odhodlanie. Ak ti je smutno, p\u00edskaj si. Ale nezab\u00fadaj by\u0165 v strehu. Tvoja s\u00fastredenos\u0165 \u0165a dovedie k v\u00fdsledku. Spr\u00e1vne [&hellip;]<\/p>","protected":false},"author":6,"featured_media":0,"comment_status":"closed","ping_status":"closed","sticky":false,"template":"","format":"standard","meta":{"footnotes":""},"categories":[895,790,786],"tags":[],"_links":{"self":[{"href":"https:\/\/www.bratislavadesignweek.sk\/en\/wp-json\/wp\/v2\/posts\/6924"}],"collection":[{"href":"https:\/\/www.bratislavadesignweek.sk\/en\/wp-json\/wp\/v2\/posts"}],"about":[{"href":"https:\/\/www.bratislavadesignweek.sk\/en\/wp-json\/wp\/v2\/types\/post"}],"author":[{"embeddable":true,"href":"https:\/\/www.bratislavadesignweek.sk\/en\/wp-json\/wp\/v2\/users\/6"}],"replies":[{"embeddable":true,"href":"https:\/\/www.bratislavadesignweek.sk\/en\/wp-json\/wp\/v2\/comments?post=6924"}],"version-history":[{"count":1,"href":"https:\/\/www.bratislavadesignweek.sk\/en\/wp-json\/wp\/v2\/posts\/6924\/revisions"}],"predecessor-version":[{"id":6926,"href":"https:\/\/www.bratislavadesignweek.sk\/en\/wp-json\/wp\/v2\/posts\/6924\/revisions\/6926"}],"wp:attachment":[{"href":"https:\/\/www.bratislavadesignweek.sk\/en\/wp-json\/wp\/v2\/media?parent=6924"}],"wp:term":[{"taxonomy":"category","embeddable":true,"href":"https:\/\/www.bratislavadesignweek.sk\/en\/wp-json\/wp\/v2\/categories?post=6924"},{"taxonomy":"post_tag","embeddable":true,"href":"https:\/\/www.bratislavadesignweek.sk\/en\/wp-json\/wp\/v2\/tags?post=6924"}],"curies":[{"name":"wp","href":"https:\/\/api.w.org\/{rel}","templated":true}]}}