{"id":6933,"date":"2017-05-22T13:49:49","date_gmt":"2017-05-22T12:49:49","guid":{"rendered":"http:\/\/www.bratislavadesignweek.sk\/?p=6933"},"modified":"2024-09-25T12:21:29","modified_gmt":"2024-09-25T10:21:29","slug":"samuel-rihak-design-lab","status":"publish","type":"post","link":"https:\/\/www.bratislavadesignweek.sk\/en\/samuel-rihak-design-lab\/","title":{"rendered":"Samuel Rih\u00e1k \/ Design Lab"},"content":{"rendered":"<p>[vc_column_text pb_margin_bottom=&#8220;no&#8220; pb_border_bottom=&#8220;no&#8220; width=&#8220;1\/2&#8243; el_position=&#8220;first&#8220;]<\/p>\n<p>&nbsp;<\/p>\n<p class=\"impact-text\">Samuel Rih\u00e1k<\/p>\n<p>Limitovan\u00e1 kolekcia n\u00e1bytku Age 21 by Samuel Rih\u00e1k je novinkou a prototyp m\u00e1 na BADW 2017 premi\u00e9ru. N\u00e1ro\u010dne tvarovanie, d\u00f4raz na detail a pou\u017eite pr\u00e9miov\u00fdch materi\u00e1lov ako bronz a orechov\u00e9 drevo rob\u00ed z kolekcie Age 21 produkt pre n\u00e1ro\u010dn\u00e9ho div\u00e1ka. Kolekcia je navrhnut\u00e1 a ru\u010dne vyr\u00e1ban\u00e1 v Bratislave s pomocou tradi\u010dn\u00fdch techn\u00edk kovoliatia a d\u00fdhovania a nov\u00fdch technologi\u00ed 3d tla\u010de a laserov\u00e9ho rezania. V nabytku je zabudovan\u00e9 bezdr\u00f4tov\u00e9 nab\u00edjanie mobiln\u00fdch zariaden\u00ed a integrovan\u00e9 elektrick\u00e9 vedenie umo\u017e\u0148uje diskr\u00e9tne napojenie po\u010d\u00edta\u010da a monitora. Samuel Rih\u00e1k pokra\u010duje v rodinnej remeselnej trad\u00edcii v\u00fdroby n\u00e1bytku od roku 1850.<\/p>\n<p>&nbsp;<\/p>\n<p>[\/vc_column_text] [vc_column_text pb_margin_bottom=&#8220;no&#8220; pb_border_bottom=&#8220;no&#8220; width=&#8220;1\/2&#8243; el_position=&#8220;last&#8220;]<\/p>\n<p style=\"text-align: center;\">\n<p style=\"text-align: center;\"><a href=\"http:\/\/www.bratislavadesignweek.sk\/wp-content\/uploads\/2017\/05\/rihak.png\"><img fetchpriority=\"high\" decoding=\"async\" class=\"alignnone  wp-image-6934\" src=\"http:\/\/www.bratislavadesignweek.sk\/wp-content\/uploads\/2017\/05\/rihak-300x225.png\" alt=\"\" width=\"439\" height=\"329\" \/><\/a><\/p>\n<p>[\/vc_column_text]<\/p>","protected":false},"excerpt":{"rendered":"<p>[vc_column_text pb_margin_bottom=&#8220;no&#8220; pb_border_bottom=&#8220;no&#8220; width=&#8220;1\/2&#8243; el_position=&#8220;first&#8220;] &nbsp; Samuel Rih\u00e1k Limitovan\u00e1 kolekcia n\u00e1bytku Age 21 by Samuel Rih\u00e1k je novinkou a prototyp m\u00e1 na BADW 2017 premi\u00e9ru. N\u00e1ro\u010dne tvarovanie, d\u00f4raz na detail a pou\u017eite pr\u00e9miov\u00fdch materi\u00e1lov ako bronz a orechov\u00e9 drevo rob\u00ed z kolekcie Age 21 produkt pre n\u00e1ro\u010dn\u00e9ho div\u00e1ka. Kolekcia je navrhnut\u00e1 a ru\u010dne vyr\u00e1ban\u00e1 v [&hellip;]<\/p>","protected":false},"author":6,"featured_media":0,"comment_status":"closed","ping_status":"closed","sticky":false,"template":"","format":"standard","meta":{"footnotes":""},"categories":[895,790,786],"tags":[],"_links":{"self":[{"href":"https:\/\/www.bratislavadesignweek.sk\/en\/wp-json\/wp\/v2\/posts\/6933"}],"collection":[{"href":"https:\/\/www.bratislavadesignweek.sk\/en\/wp-json\/wp\/v2\/posts"}],"about":[{"href":"https:\/\/www.bratislavadesignweek.sk\/en\/wp-json\/wp\/v2\/types\/post"}],"author":[{"embeddable":true,"href":"https:\/\/www.bratislavadesignweek.sk\/en\/wp-json\/wp\/v2\/users\/6"}],"replies":[{"embeddable":true,"href":"https:\/\/www.bratislavadesignweek.sk\/en\/wp-json\/wp\/v2\/comments?post=6933"}],"version-history":[{"count":1,"href":"https:\/\/www.bratislavadesignweek.sk\/en\/wp-json\/wp\/v2\/posts\/6933\/revisions"}],"predecessor-version":[{"id":6935,"href":"https:\/\/www.bratislavadesignweek.sk\/en\/wp-json\/wp\/v2\/posts\/6933\/revisions\/6935"}],"wp:attachment":[{"href":"https:\/\/www.bratislavadesignweek.sk\/en\/wp-json\/wp\/v2\/media?parent=6933"}],"wp:term":[{"taxonomy":"category","embeddable":true,"href":"https:\/\/www.bratislavadesignweek.sk\/en\/wp-json\/wp\/v2\/categories?post=6933"},{"taxonomy":"post_tag","embeddable":true,"href":"https:\/\/www.bratislavadesignweek.sk\/en\/wp-json\/wp\/v2\/tags?post=6933"}],"curies":[{"name":"wp","href":"https:\/\/api.w.org\/{rel}","templated":true}]}}