{"id":6992,"date":"2017-12-28T09:59:03","date_gmt":"2017-12-28T08:59:03","guid":{"rendered":"http:\/\/www.bratislavadesignweek.sk\/?p=6992"},"modified":"2024-09-25T12:22:49","modified_gmt":"2024-09-25T10:22:49","slug":"andrea-durianova-des","status":"publish","type":"post","link":"https:\/\/www.bratislavadesignweek.sk\/en\/andrea-durianova-des\/","title":{"rendered":"DEBATE"},"content":{"rendered":"<p>[vc_column_text pb_margin_bottom=&#8220;no&#8220; pb_border_bottom=&#8220;no&#8220; width=&#8220;1\/2&#8243; el_position=&#8220;first&#8220;]<\/p>\n<p>&nbsp;<\/p>\n<p class=\"impact-text\">DEBATA &#8211; experiment\u00e1lna kolekcia \/ Andrea \u010eurianov\u00e1, Lucia Ga\u0161parovi\u010dov\u00e1, \u013dubica Hust\u00e1, Peter Li\u0161ka<\/p>\n<p>Na za\u010diatku bola DEBATA a jej v\u00fdsledkom je kolekcia n\u00e1bytku a bytov\u00fdch prvkov z\u00a0hlin\u00edkov\u00fdch profilov je postaven\u00e1 na geometrick\u00fdch zostav\u00e1ch komponovan\u00fdch ako minimalistick\u00e9 priestorov\u00e9 kresby. Triezvy, \u013eahk\u00fd, flexibiln\u00fd hlin\u00edkov\u00fd korpus dop\u013a\u0148aj\u00fa punkty \u017eiarivej mosadze, vzdu\u0161nos\u0165 kolekcii dod\u00e1vaj\u00fa aj sklenen\u00e9 detaily.<\/p>\n<p>&nbsp;<\/p>\n<p>Vznik kolekcie z verejn\u00fdch zdrojov podporil Bratislavsk\u00fd samospr\u00e1vny kraj.<\/p>\n<p>[\/vc_column_text] [vc_column_text pb_margin_bottom=&#8220;no&#8220; pb_border_bottom=&#8220;no&#8220; width=&#8220;1\/2&#8243; el_position=&#8220;last&#8220;]<\/p>\n<p style=\"text-align: center;\"><a href=\"http:\/\/www.bratislavadesignweek.sk\/wp-content\/uploads\/2017\/05\/ada-durianova-web.jpg\"><img fetchpriority=\"high\" decoding=\"async\" class=\"alignnone wp-image-6907\" src=\"http:\/\/www.bratislavadesignweek.sk\/wp-content\/uploads\/2017\/05\/ada-durianova-web-300x300.jpg\" alt=\"\" width=\"400\" height=\"400\" \/><\/a><\/p>\n<p>[\/vc_column_text]<\/p>","protected":false},"excerpt":{"rendered":"<p>[vc_column_text pb_margin_bottom=&#8220;no&#8220; pb_border_bottom=&#8220;no&#8220; width=&#8220;1\/2&#8243; el_position=&#8220;first&#8220;] &nbsp; DEBATA &#8211; experiment\u00e1lna kolekcia \/ Andrea \u010eurianov\u00e1, Lucia Ga\u0161parovi\u010dov\u00e1, \u013dubica Hust\u00e1, Peter Li\u0161ka Na za\u010diatku bola DEBATA a jej v\u00fdsledkom je kolekcia n\u00e1bytku a bytov\u00fdch prvkov z\u00a0hlin\u00edkov\u00fdch profilov je postaven\u00e1 na geometrick\u00fdch zostav\u00e1ch komponovan\u00fdch ako minimalistick\u00e9 priestorov\u00e9 kresby. Triezvy, \u013eahk\u00fd, flexibiln\u00fd hlin\u00edkov\u00fd korpus dop\u013a\u0148aj\u00fa punkty \u017eiarivej mosadze, vzdu\u0161nos\u0165 kolekcii [&hellip;]<\/p>","protected":false},"author":6,"featured_media":0,"comment_status":"closed","ping_status":"closed","sticky":false,"template":"","format":"standard","meta":{"footnotes":""},"categories":[895,4],"tags":[805],"_links":{"self":[{"href":"https:\/\/www.bratislavadesignweek.sk\/en\/wp-json\/wp\/v2\/posts\/6992"}],"collection":[{"href":"https:\/\/www.bratislavadesignweek.sk\/en\/wp-json\/wp\/v2\/posts"}],"about":[{"href":"https:\/\/www.bratislavadesignweek.sk\/en\/wp-json\/wp\/v2\/types\/post"}],"author":[{"embeddable":true,"href":"https:\/\/www.bratislavadesignweek.sk\/en\/wp-json\/wp\/v2\/users\/6"}],"replies":[{"embeddable":true,"href":"https:\/\/www.bratislavadesignweek.sk\/en\/wp-json\/wp\/v2\/comments?post=6992"}],"version-history":[{"count":3,"href":"https:\/\/www.bratislavadesignweek.sk\/en\/wp-json\/wp\/v2\/posts\/6992\/revisions"}],"predecessor-version":[{"id":7329,"href":"https:\/\/www.bratislavadesignweek.sk\/en\/wp-json\/wp\/v2\/posts\/6992\/revisions\/7329"}],"wp:attachment":[{"href":"https:\/\/www.bratislavadesignweek.sk\/en\/wp-json\/wp\/v2\/media?parent=6992"}],"wp:term":[{"taxonomy":"category","embeddable":true,"href":"https:\/\/www.bratislavadesignweek.sk\/en\/wp-json\/wp\/v2\/categories?post=6992"},{"taxonomy":"post_tag","embeddable":true,"href":"https:\/\/www.bratislavadesignweek.sk\/en\/wp-json\/wp\/v2\/tags?post=6992"}],"curies":[{"name":"wp","href":"https:\/\/api.w.org\/{rel}","templated":true}]}}