{"id":7022,"date":"2017-05-24T13:14:47","date_gmt":"2017-05-24T12:14:47","guid":{"rendered":"http:\/\/www.bratislavadesignweek.sk\/?p=7022"},"modified":"2024-09-25T12:21:29","modified_gmt":"2024-09-25T10:21:29","slug":"vandaseye-design-display-area","status":"publish","type":"post","link":"https:\/\/www.bratislavadesignweek.sk\/en\/vandaseye-design-display-area\/","title":{"rendered":"Vandaseye \/ Design Display Area"},"content":{"rendered":"<p>[vc_column_text pb_margin_bottom=&#8220;no&#8220; pb_border_bottom=&#8220;no&#8220; width=&#8220;1\/2&#8243; el_position=&#8220;first&#8220;]<\/p>\n<p>&nbsp;<\/p>\n<p class=\"impact-text\">Vandaseye<\/p>\n<p>Viedensk\u00e9 dizajn\u00e9rske \u0161t\u00fadio tvoria Georg Schnitzer and Peter Umgeher. Zalo\u017eili ho v roku 2008 a v\u00a0ich portf\u00f3liu n\u00e1jdeme \u0161irok\u00e9 spektrum realiz\u00e1ci\u00ed od priemyseln\u00fdch produktov a\u017e po v\u00fdstavn\u00edcky dizajn. Podstatn\u00fdm v\u00a0ich programe je vn\u00edmanie a\u00a0ch\u00e1panie dizajnu v\u00a0kontexte. Intenz\u00edvne ho komunikuj\u00fa aj ako online zbierku referenci\u00ed, odkazov, cit\u00e1tov, prostredn\u00edctvom ktor\u00fdch p\u00e1traj\u00fa po paralel\u00e1ch i\u00a0rozdieloch svojich projektov. Materi\u00e1l, ktor\u00fd vrstvia formou s\u00favisle vinut\u00fdch liniek a\u00a0ich vizu\u00e1lnych deriv\u00e1tov, umo\u017e\u0148uje vidie\u0165 ich projekty plasticky, v\u00a0husto tkanej sieti s\u00favislost\u00ed a\u00a0vplyvov.<\/p>\n<p>[button colour=\"grey\" type=\"0\u2033 size=\"small\" link=\"http:\/\/<a href=\"http:\/\/www.vandasye.com\/\">www.vandaseye.com<\/a>\/site\/&#8220; target=&#8220;_self&#8220;]www.vandaseye.com[\/button]<\/p>\n<p>[\/vc_column_text] [vc_column_text pb_margin_bottom=&#8220;no&#8220; pb_border_bottom=&#8220;no&#8220; width=&#8220;1\/2&#8243; el_position=&#8220;last&#8220;]<\/p>\n<p>&nbsp;<\/p>\n<p style=\"text-align: center;\"><a href=\"http:\/\/www.bratislavadesignweek.sk\/wp-content\/uploads\/2017\/05\/vandaseye.jpg\"><img fetchpriority=\"high\" decoding=\"async\" class=\"alignnone wp-image-7023\" src=\"http:\/\/www.bratislavadesignweek.sk\/wp-content\/uploads\/2017\/05\/vandaseye-225x300.jpg\" alt=\"\" width=\"293\" height=\"391\" srcset=\"https:\/\/www.bratislavadesignweek.sk\/wp-content\/uploads\/2017\/05\/vandaseye-225x300.jpg 225w, https:\/\/www.bratislavadesignweek.sk\/wp-content\/uploads\/2017\/05\/vandaseye-768x1023.jpg 768w, https:\/\/www.bratislavadesignweek.sk\/wp-content\/uploads\/2017\/05\/vandaseye-769x1024.jpg 769w, https:\/\/www.bratislavadesignweek.sk\/wp-content\/uploads\/2017\/05\/vandaseye.jpg 879w\" sizes=\"(max-width: 293px) 100vw, 293px\" \/><\/a><\/p>\n<p>[\/vc_column_text]<\/p>","protected":false},"excerpt":{"rendered":"<p>[vc_column_text pb_margin_bottom=&#8220;no&#8220; pb_border_bottom=&#8220;no&#8220; width=&#8220;1\/2&#8243; el_position=&#8220;first&#8220;] &nbsp; Vandaseye Viedensk\u00e9 dizajn\u00e9rske \u0161t\u00fadio tvoria Georg Schnitzer and Peter Umgeher. Zalo\u017eili ho v roku 2008 a v\u00a0ich portf\u00f3liu n\u00e1jdeme \u0161irok\u00e9 spektrum realiz\u00e1ci\u00ed od priemyseln\u00fdch produktov a\u017e po v\u00fdstavn\u00edcky dizajn. Podstatn\u00fdm v\u00a0ich programe je vn\u00edmanie a\u00a0ch\u00e1panie dizajnu v\u00a0kontexte. Intenz\u00edvne ho komunikuj\u00fa aj ako online zbierku referenci\u00ed, odkazov, cit\u00e1tov, prostredn\u00edctvom ktor\u00fdch [&hellip;]<\/p>","protected":false},"author":6,"featured_media":0,"comment_status":"closed","ping_status":"closed","sticky":false,"template":"","format":"standard","meta":{"footnotes":""},"categories":[634,895],"tags":[],"_links":{"self":[{"href":"https:\/\/www.bratislavadesignweek.sk\/en\/wp-json\/wp\/v2\/posts\/7022"}],"collection":[{"href":"https:\/\/www.bratislavadesignweek.sk\/en\/wp-json\/wp\/v2\/posts"}],"about":[{"href":"https:\/\/www.bratislavadesignweek.sk\/en\/wp-json\/wp\/v2\/types\/post"}],"author":[{"embeddable":true,"href":"https:\/\/www.bratislavadesignweek.sk\/en\/wp-json\/wp\/v2\/users\/6"}],"replies":[{"embeddable":true,"href":"https:\/\/www.bratislavadesignweek.sk\/en\/wp-json\/wp\/v2\/comments?post=7022"}],"version-history":[{"count":1,"href":"https:\/\/www.bratislavadesignweek.sk\/en\/wp-json\/wp\/v2\/posts\/7022\/revisions"}],"predecessor-version":[{"id":7024,"href":"https:\/\/www.bratislavadesignweek.sk\/en\/wp-json\/wp\/v2\/posts\/7022\/revisions\/7024"}],"wp:attachment":[{"href":"https:\/\/www.bratislavadesignweek.sk\/en\/wp-json\/wp\/v2\/media?parent=7022"}],"wp:term":[{"taxonomy":"category","embeddable":true,"href":"https:\/\/www.bratislavadesignweek.sk\/en\/wp-json\/wp\/v2\/categories?post=7022"},{"taxonomy":"post_tag","embeddable":true,"href":"https:\/\/www.bratislavadesignweek.sk\/en\/wp-json\/wp\/v2\/tags?post=7022"}],"curies":[{"name":"wp","href":"https:\/\/api.w.org\/{rel}","templated":true}]}}