{"id":7028,"date":"2017-05-24T13:50:22","date_gmt":"2017-05-24T12:50:22","guid":{"rendered":"http:\/\/www.bratislavadesignweek.sk\/?p=7028"},"modified":"2024-09-25T12:21:29","modified_gmt":"2024-09-25T10:21:29","slug":"flowers-for-slovakia-design-display-area","status":"publish","type":"post","link":"https:\/\/www.bratislavadesignweek.sk\/en\/flowers-for-slovakia-design-display-area\/","title":{"rendered":"Flowers for Slovakia \/ Design Display Area"},"content":{"rendered":"<p>[vc_column_text pb_margin_bottom=&#8220;no&#8220; pb_border_bottom=&#8220;no&#8220; width=&#8220;1\/2&#8243; el_position=&#8220;first&#8220;]<\/p>\n<p>&nbsp;<\/p>\n<p class=\"impact-text\">Flowers for Slovakia<\/p>\n<p>Projekt Flowers for Slovakia sa vracia s tre\u0165ou putovnou kolekciou objektov. Aktu\u00e1lne s\u00fa to \u0161perky mlad\u00fdch slovensk\u00fdch dizajn\u00e9rov a v\u00fdtvarn\u00edkov spojen\u00fdch t\u00e9mou \u201cPass it on\u201d &#8211; pripom\u00ednaj\u00facou si osobnosti, ktor\u00e9 tvorili dejiny Slovenska. O tom, \u017ee Slov\u00e1k m\u00f4\u017ee by\u0165 s\u00fa\u010dasne kr\u00e1\u013eom Madagaskaru, o slovenskom pad\u00e1ku, ktor\u00fd sp\u00f4sobil rozruch aj v Amerike, o \u017eene astron\u00f3mke, o skladate\u013eovi prvej slovenskej opery, o kodifik\u00e1torovi spisovnej sloven\u010diny, o \u017eene botani\u010dke, \u010di b\u00e1snikovi nominovanom na Nobelovu cenu za literat\u00faru svojimi \u0161perkami rozpr\u00e1vaj\u00fa Petra Debn\u00e1rov\u00e1, Andrea \u010eurianov\u00e1, Jozef E. Masarik, Vanda G\u00e1bri\u0161ov\u00e1, Silvia G\u00e1lov\u00e1, Filip Horn\u00edk, Patrik Knoblich, M\u00e1ria Kobelov\u00e1, Beata H. Kuraj, Dominika Ma\u010d\u00e1kov\u00e1, Be\u00e1ta Madajov\u00e1, Veronika O\u010dadl\u00edkov\u00e1, Nikola Orgo\u0148ov\u00e1, Barbora Rutov\u00e1, Petra \u0160ebov\u00e1, \u013dubom\u00edr Slovinsk\u00fd, Lucia Tomaschov\u00e1, Franti\u0161ek T\u00f3th.<\/p>\n<p>[button colour=\"grey\" type=\"0\u2033 size=\"small\" link=\"http:\/\/<a href=\"http:\/\/f4sk.com\/\">www.f4sk.com<\/a>\/site\/&#8220; target=&#8220;_self&#8220;]www.f4sk.com\/button]<\/p>\n<p>[\/vc_column_text] [vc_column_text pb_margin_bottom=&#8220;no&#8220; pb_border_bottom=&#8220;no&#8220; width=&#8220;1\/2&#8243; el_position=&#8220;last&#8220;]<\/p>\n<p>&nbsp;<\/p>\n<p>&nbsp;<\/p>\n<p style=\"text-align: center;\"><a href=\"http:\/\/www.bratislavadesignweek.sk\/wp-content\/uploads\/2017\/05\/f4sk.jpg\"><img fetchpriority=\"high\" decoding=\"async\" class=\"alignnone  wp-image-7029\" src=\"http:\/\/www.bratislavadesignweek.sk\/wp-content\/uploads\/2017\/05\/f4sk-300x200.jpg\" alt=\"\" width=\"462\" height=\"308\" \/><\/a><\/p>\n<p>[\/vc_column_text]<\/p>","protected":false},"excerpt":{"rendered":"<p>[vc_column_text pb_margin_bottom=&#8220;no&#8220; pb_border_bottom=&#8220;no&#8220; width=&#8220;1\/2&#8243; el_position=&#8220;first&#8220;] &nbsp; Flowers for Slovakia Projekt Flowers for Slovakia sa vracia s tre\u0165ou putovnou kolekciou objektov. Aktu\u00e1lne s\u00fa to \u0161perky mlad\u00fdch slovensk\u00fdch dizajn\u00e9rov a v\u00fdtvarn\u00edkov spojen\u00fdch t\u00e9mou \u201cPass it on\u201d &#8211; pripom\u00ednaj\u00facou si osobnosti, ktor\u00e9 tvorili dejiny Slovenska. O tom, \u017ee Slov\u00e1k m\u00f4\u017ee by\u0165 s\u00fa\u010dasne kr\u00e1\u013eom Madagaskaru, o slovenskom pad\u00e1ku, ktor\u00fd [&hellip;]<\/p>","protected":false},"author":6,"featured_media":0,"comment_status":"closed","ping_status":"closed","sticky":false,"template":"","format":"standard","meta":{"footnotes":""},"categories":[634,895],"tags":[],"_links":{"self":[{"href":"https:\/\/www.bratislavadesignweek.sk\/en\/wp-json\/wp\/v2\/posts\/7028"}],"collection":[{"href":"https:\/\/www.bratislavadesignweek.sk\/en\/wp-json\/wp\/v2\/posts"}],"about":[{"href":"https:\/\/www.bratislavadesignweek.sk\/en\/wp-json\/wp\/v2\/types\/post"}],"author":[{"embeddable":true,"href":"https:\/\/www.bratislavadesignweek.sk\/en\/wp-json\/wp\/v2\/users\/6"}],"replies":[{"embeddable":true,"href":"https:\/\/www.bratislavadesignweek.sk\/en\/wp-json\/wp\/v2\/comments?post=7028"}],"version-history":[{"count":1,"href":"https:\/\/www.bratislavadesignweek.sk\/en\/wp-json\/wp\/v2\/posts\/7028\/revisions"}],"predecessor-version":[{"id":7030,"href":"https:\/\/www.bratislavadesignweek.sk\/en\/wp-json\/wp\/v2\/posts\/7028\/revisions\/7030"}],"wp:attachment":[{"href":"https:\/\/www.bratislavadesignweek.sk\/en\/wp-json\/wp\/v2\/media?parent=7028"}],"wp:term":[{"taxonomy":"category","embeddable":true,"href":"https:\/\/www.bratislavadesignweek.sk\/en\/wp-json\/wp\/v2\/categories?post=7028"},{"taxonomy":"post_tag","embeddable":true,"href":"https:\/\/www.bratislavadesignweek.sk\/en\/wp-json\/wp\/v2\/tags?post=7028"}],"curies":[{"name":"wp","href":"https:\/\/api.w.org\/{rel}","templated":true}]}}