{"id":7032,"date":"2017-05-24T15:43:07","date_gmt":"2017-05-24T14:43:07","guid":{"rendered":"http:\/\/www.bratislavadesignweek.sk\/?p=7032"},"modified":"2024-09-25T12:21:29","modified_gmt":"2024-09-25T10:21:29","slug":"self-design-display-area","status":"publish","type":"post","link":"https:\/\/www.bratislavadesignweek.sk\/en\/self-design-display-area\/","title":{"rendered":"SELF \/ Design Display Area"},"content":{"rendered":"<p>[vc_column_text pb_margin_bottom=&#8220;no&#8220; pb_border_bottom=&#8220;no&#8220; width=&#8220;1\/2&#8243; el_position=&#8220;first&#8220;]<\/p>\n<p>&nbsp;<\/p>\n<p class=\"impact-text\">SELF<\/p>\n<p>&nbsp;<\/p>\n<p>SELF je festival presahov grafick\u00e9ho dizajnu, kult\u00fary a spolo\u010dnosti. Kon\u00e1 sa ka\u017ed\u00fd rok v inej podobe \u2013 predn\u00e1\u0161ky, diskusia, v\u00fdlet, letn\u00e1 \u0161kola,&#8230; at\u010f. SELF\u20132017 bude ma\u0165 podobu \u201cDo\u010dasnej kni\u017enice\u201d \u2013 otvoren\u00e9ho priestoru, kde sa d\u00e1 pr\u00eds\u0165 tr\u00e1vi\u0165 \u010das \u010d\u00edtan\u00edm a in\u0161pirovan\u00edm sa, \u010do \u010d\u00edta\u0165. Oslovili sme dom\u00e1cich aj zahrani\u010dn\u00fdch profesion\u00e1lov z oblasti grafick\u00e9ho dizajnu, vizu\u00e1lnej kult\u00fary a vzdel\u00e1vania, ktor\u00ed n\u00e1m doporu\u010dili knihy z\u00e1sadn\u00e9 pre ich profesion\u00e1lny \u017eivot. Vych\u00e1dzame z my\u0161lienky vo\u013en\u00e9ho zdie\u013eania a distrib\u00facie vedomost\u00ed.<\/p>\n<p>[button colour=\"grey\" type=\"0\u2033 size=\"small\" link=\"http:\/\/<a href=\"http:\/\/self-x.sk\/\">www.self-x.sk<\/a>\/site\/&#8220; target=&#8220;_self&#8220;]www.self-x.sk[\/button]<\/p>\n<p>[\/vc_column_text] [vc_column_text pb_margin_bottom=&#8220;no&#8220; pb_border_bottom=&#8220;no&#8220; width=&#8220;1\/2&#8243; el_position=&#8220;last&#8220;]<\/p>\n<p><a href=\"http:\/\/www.bratislavadesignweek.sk\/wp-content\/uploads\/2017\/05\/FB_event-1.jpg\"><img fetchpriority=\"high\" decoding=\"async\" class=\"wp-image-7033 aligncenter\" src=\"http:\/\/www.bratislavadesignweek.sk\/wp-content\/uploads\/2017\/05\/FB_event-1-212x300.jpg\" alt=\"\" width=\"304\" height=\"430\" srcset=\"https:\/\/www.bratislavadesignweek.sk\/wp-content\/uploads\/2017\/05\/FB_event-1-212x300.jpg 212w, https:\/\/www.bratislavadesignweek.sk\/wp-content\/uploads\/2017\/05\/FB_event-1.jpg 420w\" sizes=\"(max-width: 304px) 100vw, 304px\" \/><\/a><\/p>\n<p>[\/vc_column_text]<\/p>","protected":false},"excerpt":{"rendered":"<p>[vc_column_text pb_margin_bottom=&#8220;no&#8220; pb_border_bottom=&#8220;no&#8220; width=&#8220;1\/2&#8243; el_position=&#8220;first&#8220;] &nbsp; SELF &nbsp; SELF je festival presahov grafick\u00e9ho dizajnu, kult\u00fary a spolo\u010dnosti. Kon\u00e1 sa ka\u017ed\u00fd rok v inej podobe \u2013 predn\u00e1\u0161ky, diskusia, v\u00fdlet, letn\u00e1 \u0161kola,&#8230; at\u010f. SELF\u20132017 bude ma\u0165 podobu \u201cDo\u010dasnej kni\u017enice\u201d \u2013 otvoren\u00e9ho priestoru, kde sa d\u00e1 pr\u00eds\u0165 tr\u00e1vi\u0165 \u010das \u010d\u00edtan\u00edm a in\u0161pirovan\u00edm sa, \u010do \u010d\u00edta\u0165. Oslovili sme dom\u00e1cich [&hellip;]<\/p>","protected":false},"author":6,"featured_media":0,"comment_status":"closed","ping_status":"closed","sticky":false,"template":"","format":"standard","meta":{"footnotes":""},"categories":[634,895],"tags":[],"_links":{"self":[{"href":"https:\/\/www.bratislavadesignweek.sk\/en\/wp-json\/wp\/v2\/posts\/7032"}],"collection":[{"href":"https:\/\/www.bratislavadesignweek.sk\/en\/wp-json\/wp\/v2\/posts"}],"about":[{"href":"https:\/\/www.bratislavadesignweek.sk\/en\/wp-json\/wp\/v2\/types\/post"}],"author":[{"embeddable":true,"href":"https:\/\/www.bratislavadesignweek.sk\/en\/wp-json\/wp\/v2\/users\/6"}],"replies":[{"embeddable":true,"href":"https:\/\/www.bratislavadesignweek.sk\/en\/wp-json\/wp\/v2\/comments?post=7032"}],"version-history":[{"count":1,"href":"https:\/\/www.bratislavadesignweek.sk\/en\/wp-json\/wp\/v2\/posts\/7032\/revisions"}],"predecessor-version":[{"id":7034,"href":"https:\/\/www.bratislavadesignweek.sk\/en\/wp-json\/wp\/v2\/posts\/7032\/revisions\/7034"}],"wp:attachment":[{"href":"https:\/\/www.bratislavadesignweek.sk\/en\/wp-json\/wp\/v2\/media?parent=7032"}],"wp:term":[{"taxonomy":"category","embeddable":true,"href":"https:\/\/www.bratislavadesignweek.sk\/en\/wp-json\/wp\/v2\/categories?post=7032"},{"taxonomy":"post_tag","embeddable":true,"href":"https:\/\/www.bratislavadesignweek.sk\/en\/wp-json\/wp\/v2\/tags?post=7032"}],"curies":[{"name":"wp","href":"https:\/\/api.w.org\/{rel}","templated":true}]}}