{"id":7067,"date":"2017-05-25T14:50:34","date_gmt":"2017-05-25T13:50:34","guid":{"rendered":"http:\/\/www.bratislavadesignweek.sk\/?p=7067"},"modified":"2024-09-25T12:21:28","modified_gmt":"2024-09-25T10:21:28","slug":"mejd-instalacia-vitazov-badw-v-slavica-design-store","status":"publish","type":"post","link":"https:\/\/www.bratislavadesignweek.sk\/en\/mejd-instalacia-vitazov-badw-v-slavica-design-store\/","title":{"rendered":"MEJD \/ In\u0161tal\u00e1cia v\u00ed\u0165azov BADW v sl\u00e1vica Design Store"},"content":{"rendered":"<p>[vc_column_text pb_margin_bottom=&#8220;no&#8220; pb_border_bottom=&#8220;no&#8220; width=&#8220;1\/2&#8243; el_position=&#8220;first&#8220;]<\/p>\n<p>&nbsp;<\/p>\n<p class=\"impact-text\">MEJD<\/p>\n<p><strong>Orbit<\/strong><\/p>\n<p>Mejd vo svojej najnov\u0161ej kolekcii Orbit predstav\u00ed s\u00e9riu objektov \u2013 plan\u00e9tok, ktor\u00fdch hlavn\u00fdm materi\u00e1lom je kame\u0148. Symbolizuje tvrd\u00fd stabiln\u00fd materi\u00e1l, horninu, ktor\u00e1 odkazuje na zlo\u017eenie pevn\u00fdch plan\u00e9t typu Zem. Kame\u0148 ako nosn\u00fd prvok je miestami doplnen\u00fd aj o \u010fal\u0161ie materi\u00e1ly. Predmety tvarovo definuj\u00fa kruh a gu\u013ea. Kolekcia Orbit sa tak st\u00e1va minimalistickou, no hravou s\u00fa\u010das\u0165ou interi\u00e9ru vo forme funk\u010dn\u00fdch \u00fa\u017eitkov\u00fdch doplnkov.<\/p>\n<p>[button colour=\"grey\" type=\"0\u2033 size=\"small\" link=\"http:\/\/<a href=\"http:\/\/mejdstudio.com\/\">www.mejdstudio.com<\/a>\/site\/\" target=\"_self\"]www.mejdstudio.com[\/button]<\/p>\n<p>[\/vc_column_text] [vc_column_text pb_margin_bottom=&#8220;no&#8220; pb_border_bottom=&#8220;no&#8220; width=&#8220;1\/2&#8243; el_position=&#8220;last&#8220;]<\/p>\n<p>&nbsp;<\/p>\n<p style=\"text-align: center;\"><a href=\"http:\/\/www.bratislavadesignweek.sk\/wp-content\/uploads\/2017\/05\/mejd-web.jpg\"><img fetchpriority=\"high\" decoding=\"async\" class=\"alignnone wp-image-7068\" src=\"http:\/\/www.bratislavadesignweek.sk\/wp-content\/uploads\/2017\/05\/mejd-web-300x200.jpg\" alt=\"\" width=\"485\" height=\"323\" \/><\/a><\/p>\n<p>[\/vc_column_text]<\/p>","protected":false},"excerpt":{"rendered":"<p>[vc_column_text pb_margin_bottom=&#8220;no&#8220; pb_border_bottom=&#8220;no&#8220; width=&#8220;1\/2&#8243; el_position=&#8220;first&#8220;] &nbsp; MEJD Orbit Mejd vo svojej najnov\u0161ej kolekcii Orbit predstav\u00ed s\u00e9riu objektov \u2013 plan\u00e9tok, ktor\u00fdch hlavn\u00fdm materi\u00e1lom je kame\u0148. Symbolizuje tvrd\u00fd stabiln\u00fd materi\u00e1l, horninu, ktor\u00e1 odkazuje na zlo\u017eenie pevn\u00fdch plan\u00e9t typu Zem. Kame\u0148 ako nosn\u00fd prvok je miestami doplnen\u00fd aj o \u010fal\u0161ie materi\u00e1ly. Predmety tvarovo definuj\u00fa kruh a gu\u013ea. Kolekcia [&hellip;]<\/p>","protected":false},"author":6,"featured_media":0,"comment_status":"closed","ping_status":"closed","sticky":false,"template":"","format":"standard","meta":{"footnotes":""},"categories":[634,895],"tags":[],"_links":{"self":[{"href":"https:\/\/www.bratislavadesignweek.sk\/en\/wp-json\/wp\/v2\/posts\/7067"}],"collection":[{"href":"https:\/\/www.bratislavadesignweek.sk\/en\/wp-json\/wp\/v2\/posts"}],"about":[{"href":"https:\/\/www.bratislavadesignweek.sk\/en\/wp-json\/wp\/v2\/types\/post"}],"author":[{"embeddable":true,"href":"https:\/\/www.bratislavadesignweek.sk\/en\/wp-json\/wp\/v2\/users\/6"}],"replies":[{"embeddable":true,"href":"https:\/\/www.bratislavadesignweek.sk\/en\/wp-json\/wp\/v2\/comments?post=7067"}],"version-history":[{"count":4,"href":"https:\/\/www.bratislavadesignweek.sk\/en\/wp-json\/wp\/v2\/posts\/7067\/revisions"}],"predecessor-version":[{"id":7072,"href":"https:\/\/www.bratislavadesignweek.sk\/en\/wp-json\/wp\/v2\/posts\/7067\/revisions\/7072"}],"wp:attachment":[{"href":"https:\/\/www.bratislavadesignweek.sk\/en\/wp-json\/wp\/v2\/media?parent=7067"}],"wp:term":[{"taxonomy":"category","embeddable":true,"href":"https:\/\/www.bratislavadesignweek.sk\/en\/wp-json\/wp\/v2\/categories?post=7067"},{"taxonomy":"post_tag","embeddable":true,"href":"https:\/\/www.bratislavadesignweek.sk\/en\/wp-json\/wp\/v2\/tags?post=7067"}],"curies":[{"name":"wp","href":"https:\/\/api.w.org\/{rel}","templated":true}]}}