{"id":7089,"date":"2017-05-25T16:17:03","date_gmt":"2017-05-25T15:17:03","guid":{"rendered":"http:\/\/www.bratislavadesignweek.sk\/?p=7089"},"modified":"2024-09-25T12:21:28","modified_gmt":"2024-09-25T10:21:28","slug":"javorina-solid-area","status":"publish","type":"post","link":"https:\/\/www.bratislavadesignweek.sk\/en\/javorina-solid-area\/","title":{"rendered":"Javorina \/ Solid Area"},"content":{"rendered":"<p>[vc_column_text pb_margin_bottom=&#8220;no&#8220; pb_border_bottom=&#8220;no&#8220; width=&#8220;1\/2&#8243; el_position=&#8220;first&#8220;]<\/p>\n<p>&nbsp;<\/p>\n<p class=\"impact-text\">Maple<\/p>\n<p>Javorina je tradi\u010dn\u00fd v\u00fdrobca dizajnov\u00e9ho n\u00e1bytku z\u00a0mas\u00edvneho dreva, preva\u017ene z\u00a0dubu a\u00a0z americk\u00e9ho orecha. So svojou 70-ro\u010dnou trad\u00edciou patr\u00ed k\u00a0najv\u00fdznamnej\u0161\u00edm slovensk\u00fdm v\u00fdrobcom exportuj\u00facim svoje v\u00fdrobky do mnoh\u00fdch kraj\u00edn sveta. Rad ocenen\u00ed na dom\u00e1cej i\u00a0zahrani\u010dnej n\u00e1bytk\u00e1rskej sc\u00e9ne sved\u010d\u00ed o\u00a0vysokej estetickej \u00farovni v\u00fdrobkov Javoriny, ako aj o\u00a0kvalite ich remeseln\u00e9ho spracovania.<\/p>\n<p>[button colour=\"grey\" type=\"0\u2033 size=\"small\" link=\"http:\/\/<a href=\"http:\/\/www.javorina.sk\/\">www.javorina.sk<\/a>\/site\/&#8220; target=&#8220;_self&#8220;]www.javorina.sk[\/button]<\/p>\n<p>[\/vc_column_text] [vc_column_text pb_margin_bottom=&#8220;no&#8220; pb_border_bottom=&#8220;no&#8220; width=&#8220;1\/2&#8243; el_position=&#8220;last&#8220;]<\/p>\n<p>&nbsp;<\/p>\n<p style=\"text-align: center;\"><a href=\"http:\/\/www.bratislavadesignweek.sk\/wp-content\/uploads\/2017\/05\/javorina.jpg\"><img fetchpriority=\"high\" decoding=\"async\" class=\"alignnone wp-image-7090\" src=\"http:\/\/www.bratislavadesignweek.sk\/wp-content\/uploads\/2017\/05\/javorina-300x200.jpg\" alt=\"\" width=\"445\" height=\"296\" srcset=\"https:\/\/www.bratislavadesignweek.sk\/wp-content\/uploads\/2017\/05\/javorina-300x200.jpg 300w, https:\/\/www.bratislavadesignweek.sk\/wp-content\/uploads\/2017\/05\/javorina-768x512.jpg 768w, https:\/\/www.bratislavadesignweek.sk\/wp-content\/uploads\/2017\/05\/javorina.jpg 1000w\" sizes=\"(max-width: 445px) 100vw, 445px\" \/><\/a><\/p>\n<p>[\/vc_column_text]<\/p>","protected":false},"excerpt":{"rendered":"<p>[vc_column_text pb_margin_bottom=&#8220;no&#8220; pb_border_bottom=&#8220;no&#8220; width=&#8220;1\/2&#8243; el_position=&#8220;first&#8220;] &nbsp; Javorina Javorina je tradi\u010dn\u00fd v\u00fdrobca dizajnov\u00e9ho n\u00e1bytku z\u00a0mas\u00edvneho dreva, preva\u017ene z\u00a0dubu a\u00a0z americk\u00e9ho orecha. So svojou 70-ro\u010dnou trad\u00edciou patr\u00ed k\u00a0najv\u00fdznamnej\u0161\u00edm slovensk\u00fdm v\u00fdrobcom exportuj\u00facim svoje v\u00fdrobky do mnoh\u00fdch kraj\u00edn sveta. Rad ocenen\u00ed na dom\u00e1cej i\u00a0zahrani\u010dnej n\u00e1bytk\u00e1rskej sc\u00e9ne sved\u010d\u00ed o\u00a0vysokej estetickej \u00farovni v\u00fdrobkov Javoriny, ako aj o\u00a0kvalite ich remeseln\u00e9ho spracovania. [button [&hellip;]<\/p>","protected":false},"author":6,"featured_media":0,"comment_status":"closed","ping_status":"closed","sticky":false,"template":"","format":"standard","meta":{"footnotes":""},"categories":[895,786],"tags":[],"_links":{"self":[{"href":"https:\/\/www.bratislavadesignweek.sk\/en\/wp-json\/wp\/v2\/posts\/7089"}],"collection":[{"href":"https:\/\/www.bratislavadesignweek.sk\/en\/wp-json\/wp\/v2\/posts"}],"about":[{"href":"https:\/\/www.bratislavadesignweek.sk\/en\/wp-json\/wp\/v2\/types\/post"}],"author":[{"embeddable":true,"href":"https:\/\/www.bratislavadesignweek.sk\/en\/wp-json\/wp\/v2\/users\/6"}],"replies":[{"embeddable":true,"href":"https:\/\/www.bratislavadesignweek.sk\/en\/wp-json\/wp\/v2\/comments?post=7089"}],"version-history":[{"count":2,"href":"https:\/\/www.bratislavadesignweek.sk\/en\/wp-json\/wp\/v2\/posts\/7089\/revisions"}],"predecessor-version":[{"id":7107,"href":"https:\/\/www.bratislavadesignweek.sk\/en\/wp-json\/wp\/v2\/posts\/7089\/revisions\/7107"}],"wp:attachment":[{"href":"https:\/\/www.bratislavadesignweek.sk\/en\/wp-json\/wp\/v2\/media?parent=7089"}],"wp:term":[{"taxonomy":"category","embeddable":true,"href":"https:\/\/www.bratislavadesignweek.sk\/en\/wp-json\/wp\/v2\/categories?post=7089"},{"taxonomy":"post_tag","embeddable":true,"href":"https:\/\/www.bratislavadesignweek.sk\/en\/wp-json\/wp\/v2\/tags?post=7089"}],"curies":[{"name":"wp","href":"https:\/\/api.w.org\/{rel}","templated":true}]}}