{"id":7097,"date":"2017-05-26T10:31:31","date_gmt":"2017-05-26T09:31:31","guid":{"rendered":"http:\/\/www.bratislavadesignweek.sk\/?p=7097"},"modified":"2024-09-25T12:21:28","modified_gmt":"2024-09-25T10:21:28","slug":"autorsky-dizajn-katedra-dizajnu-vsvu-bratislava-school-area","status":"publish","type":"post","link":"https:\/\/www.bratislavadesignweek.sk\/en\/autorsky-dizajn-katedra-dizajnu-vsvu-bratislava-school-area\/","title":{"rendered":"Autorsk\u00fd dizajn, Katedra dizajnu, V\u0160VU Bratislava \/ School Area"},"content":{"rendered":"<p>[vc_column_text pb_margin_bottom=&#8220;no&#8220; pb_border_bottom=&#8220;no&#8220; width=&#8220;1\/2&#8243; el_position=&#8220;first&#8220;]<\/p>\n<p>&nbsp;<\/p>\n<p class=\"impact-text\">Autorsk\u00fd dizajn, Katedra dizajnu, V\u0160VU Bratislava<\/p>\n<p>Prezent\u00e1cia v\u00fdsledkov predmetu Autorsk\u00fd dizajn na Katedre dizajnu V\u0160VU v\u00a0Bratislave pod veden\u00edm Sylvie Jokelovej a Silvie Lovasovej. \u00dalohou \u0161tudentov bolo pracova\u0165 na vlastnom \u2013 autorskom pr\u00edstupe k\u00a0procesom, ktor\u00e9 predch\u00e1dzaj\u00fa v\u00fdsledn\u00e9mu produktu. Materi\u00e1l, n\u00e1stroj a\u00a0technol\u00f3gia s\u00fa samozrejmos\u0165ou, ktor\u00fa dizajn\u00e9r pou\u017e\u00edva (\u010dasto rutinne) na dosiahnutie cie\u013ea. V\u00a0tomto pr\u00edpade bolo sk\u00famanie \u201ecesty\u201c k\u00a0produktu d\u00f4le\u017eit\u00fdm a\u00a0vedom\u00fdm autorsk\u00fdm rozhodnut\u00edm, otv\u00e1raj\u00facim ne\u010dakan\u00e9 mo\u017enosti.<\/p>\n<p>[button colour=\"grey\" type=\"0\u2033 size=\"small\" link=\"http:\/\/<a href=\"http:\/\/www.vsvu.sk\/\">www.vsvu.sk<\/a>\/site\/&#8220; target=&#8220;_self&#8220;]www.vsvu.sk[\/button]<\/p>\n<p>[\/vc_column_text] [vc_column_text pb_margin_bottom=&#8220;no&#8220; pb_border_bottom=&#8220;no&#8220; width=&#8220;1\/2&#8243; el_position=&#8220;last&#8220;]<\/p>\n<p>&nbsp;<\/p>\n<p style=\"text-align: center;\"><a href=\"http:\/\/www.bratislavadesignweek.sk\/wp-content\/uploads\/2017\/05\/school-area-art-dizajn-web.jpg\"><img fetchpriority=\"high\" decoding=\"async\" class=\"alignnone  wp-image-7098\" src=\"http:\/\/www.bratislavadesignweek.sk\/wp-content\/uploads\/2017\/05\/school-area-art-dizajn-web-200x300.jpg\" alt=\"\" width=\"280\" height=\"420\" \/><\/a><\/p>\n<p>[\/vc_column_text]<\/p>","protected":false},"excerpt":{"rendered":"<p>[vc_column_text pb_margin_bottom=&#8220;no&#8220; pb_border_bottom=&#8220;no&#8220; width=&#8220;1\/2&#8243; el_position=&#8220;first&#8220;] &nbsp; Autorsk\u00fd dizajn, Katedra dizajnu, V\u0160VU Bratislava Prezent\u00e1cia v\u00fdsledkov predmetu Autorsk\u00fd dizajn na Katedre dizajnu V\u0160VU v\u00a0Bratislave pod veden\u00edm Sylvie Jokelovej a Silvie Lovasovej. \u00dalohou \u0161tudentov bolo pracova\u0165 na vlastnom \u2013 autorskom pr\u00edstupe k\u00a0procesom, ktor\u00e9 predch\u00e1dzaj\u00fa v\u00fdsledn\u00e9mu produktu. Materi\u00e1l, n\u00e1stroj a\u00a0technol\u00f3gia s\u00fa samozrejmos\u0165ou, ktor\u00fa dizajn\u00e9r pou\u017e\u00edva (\u010dasto rutinne) na dosiahnutie [&hellip;]<\/p>","protected":false},"author":6,"featured_media":0,"comment_status":"closed","ping_status":"closed","sticky":false,"template":"","format":"standard","meta":{"footnotes":""},"categories":[895,786],"tags":[],"_links":{"self":[{"href":"https:\/\/www.bratislavadesignweek.sk\/en\/wp-json\/wp\/v2\/posts\/7097"}],"collection":[{"href":"https:\/\/www.bratislavadesignweek.sk\/en\/wp-json\/wp\/v2\/posts"}],"about":[{"href":"https:\/\/www.bratislavadesignweek.sk\/en\/wp-json\/wp\/v2\/types\/post"}],"author":[{"embeddable":true,"href":"https:\/\/www.bratislavadesignweek.sk\/en\/wp-json\/wp\/v2\/users\/6"}],"replies":[{"embeddable":true,"href":"https:\/\/www.bratislavadesignweek.sk\/en\/wp-json\/wp\/v2\/comments?post=7097"}],"version-history":[{"count":1,"href":"https:\/\/www.bratislavadesignweek.sk\/en\/wp-json\/wp\/v2\/posts\/7097\/revisions"}],"predecessor-version":[{"id":7099,"href":"https:\/\/www.bratislavadesignweek.sk\/en\/wp-json\/wp\/v2\/posts\/7097\/revisions\/7099"}],"wp:attachment":[{"href":"https:\/\/www.bratislavadesignweek.sk\/en\/wp-json\/wp\/v2\/media?parent=7097"}],"wp:term":[{"taxonomy":"category","embeddable":true,"href":"https:\/\/www.bratislavadesignweek.sk\/en\/wp-json\/wp\/v2\/categories?post=7097"},{"taxonomy":"post_tag","embeddable":true,"href":"https:\/\/www.bratislavadesignweek.sk\/en\/wp-json\/wp\/v2\/tags?post=7097"}],"curies":[{"name":"wp","href":"https:\/\/api.w.org\/{rel}","templated":true}]}}