{"id":7123,"date":"2017-05-28T21:32:52","date_gmt":"2017-05-28T20:32:52","guid":{"rendered":"http:\/\/www.bratislavadesignweek.sk\/?p=7123"},"modified":"2024-09-25T12:21:28","modified_gmt":"2024-09-25T10:21:28","slug":"flowers-for-slovakia-design-display-area-2","status":"publish","type":"post","link":"https:\/\/www.bratislavadesignweek.sk\/en\/flowers-for-slovakia-design-display-area-2\/","title":{"rendered":"Flowers for Slovakia \/ Design Display Area"},"content":{"rendered":"<p>[vc_column_text pb_margin_bottom=&#8220;no&#8220; pb_border_bottom=&#8220;no&#8220; width=&#8220;1\/2&#8243; el_position=&#8220;first&#8220;]<\/p>\n<p>&nbsp;<\/p>\n<p class=\"impact-text\">Flowers for Slovakia<\/p>\n<p>The project Flowers for Slovakia is back with the third touring collection of objects. This time we will get to see the jewels of young Slovak designers and visual artists linked around the topic \u201cPass it on\u201c, recalling the figures who formed the history of Slovakia. The stories of a\u00a0Slovak who can be the\u00a0king of Madagascar, of a\u00a0Slovak parachute that created sensation in America, of a female astronomer, of a composer of the first Slovak opera, of a codifier of the Slovak literary language, of a female botanist, or of a poet nominated for the Nobel prize for literature are told through the jewels of Petra Debn\u00e1rov\u00e1, Andrea \u010eurianov\u00e1, Jozef E. Masarik, Vanda G\u00e1bri\u0161ov\u00e1, Silvia G\u00e1lov\u00e1, Filip Horn\u00edk, Patrik Knoblich, M\u00e1ria Kobelov\u00e1, Beata H. Kuraj, Dominika Ma\u010d\u00e1kov\u00e1, Be\u00e1ta Madajov\u00e1, Veronika O\u010dadl\u00edkov\u00e1, Nikola Orgo\u0148ov\u00e1, Barbora Rutov\u00e1, Petra \u0160ebov\u00e1, \u013dubom\u00edr Slovinsk\u00fd, Lucia Tomaschov\u00e1 and Franti\u0161ek T\u00f3th.<\/p>\n<p>[button colour=\"grey\" type=\"0\u2033 size=\"small\" link=\"http:\/\/<a href=\"http:\/\/f4sk.com\/\">www.f4sk.com<\/a>\/site\/&#8220; target=&#8220;_self&#8220;]www.f4sk.com\/button]<\/p>\n<p>[\/vc_column_text] [vc_column_text pb_margin_bottom=&#8220;no&#8220; pb_border_bottom=&#8220;no&#8220; width=&#8220;1\/2&#8243; el_position=&#8220;last&#8220;]<\/p>\n<p>&nbsp;<\/p>\n<p>&nbsp;<\/p>\n<p style=\"text-align: center;\"><a href=\"http:\/\/www.bratislavadesignweek.sk\/wp-content\/uploads\/2017\/05\/f4sk.jpg\"><img fetchpriority=\"high\" decoding=\"async\" class=\"alignnone  wp-image-7029\" src=\"http:\/\/www.bratislavadesignweek.sk\/wp-content\/uploads\/2017\/05\/f4sk-300x200.jpg\" alt=\"\" width=\"462\" height=\"308\" \/><\/a><\/p>\n<p>[\/vc_column_text]<\/p>","protected":false},"excerpt":{"rendered":"<p>[vc_column_text pb_margin_bottom=&#8220;no&#8220; pb_border_bottom=&#8220;no&#8220; width=&#8220;1\/2&#8243; el_position=&#8220;first&#8220;] &nbsp; Flowers for Slovakia The project Flowers for Slovakia is back with the third touring collection of objects. This time we will get to see the jewels of young Slovak designers and visual artists linked around the topic \u201cPass it on\u201c, recalling the figures who formed the history of Slovakia. [&hellip;]<\/p>","protected":false},"author":6,"featured_media":0,"comment_status":"closed","ping_status":"closed","sticky":false,"template":"","format":"standard","meta":{"footnotes":""},"categories":[895,802],"tags":[],"_links":{"self":[{"href":"https:\/\/www.bratislavadesignweek.sk\/en\/wp-json\/wp\/v2\/posts\/7123"}],"collection":[{"href":"https:\/\/www.bratislavadesignweek.sk\/en\/wp-json\/wp\/v2\/posts"}],"about":[{"href":"https:\/\/www.bratislavadesignweek.sk\/en\/wp-json\/wp\/v2\/types\/post"}],"author":[{"embeddable":true,"href":"https:\/\/www.bratislavadesignweek.sk\/en\/wp-json\/wp\/v2\/users\/6"}],"replies":[{"embeddable":true,"href":"https:\/\/www.bratislavadesignweek.sk\/en\/wp-json\/wp\/v2\/comments?post=7123"}],"version-history":[{"count":1,"href":"https:\/\/www.bratislavadesignweek.sk\/en\/wp-json\/wp\/v2\/posts\/7123\/revisions"}],"predecessor-version":[{"id":7124,"href":"https:\/\/www.bratislavadesignweek.sk\/en\/wp-json\/wp\/v2\/posts\/7123\/revisions\/7124"}],"wp:attachment":[{"href":"https:\/\/www.bratislavadesignweek.sk\/en\/wp-json\/wp\/v2\/media?parent=7123"}],"wp:term":[{"taxonomy":"category","embeddable":true,"href":"https:\/\/www.bratislavadesignweek.sk\/en\/wp-json\/wp\/v2\/categories?post=7123"},{"taxonomy":"post_tag","embeddable":true,"href":"https:\/\/www.bratislavadesignweek.sk\/en\/wp-json\/wp\/v2\/tags?post=7123"}],"curies":[{"name":"wp","href":"https:\/\/api.w.org\/{rel}","templated":true}]}}