{"id":7165,"date":"2017-05-29T14:48:45","date_gmt":"2017-05-29T13:48:45","guid":{"rendered":"http:\/\/www.bratislavadesignweek.sk\/?p=7165"},"modified":"2024-09-25T12:21:28","modified_gmt":"2024-09-25T10:21:28","slug":"tabula-prednaska","status":"publish","type":"post","link":"https:\/\/www.bratislavadesignweek.sk\/en\/tabula-prednaska\/","title":{"rendered":"Tabu\u013ea \/ Predn\u00e1\u0161ka"},"content":{"rendered":"<p>[vc_column_text pb_margin_bottom=&#8220;no&#8220; pb_border_bottom=&#8220;no&#8220; width=&#8220;1\/2&#8243; el_position=&#8220;first&#8220;]<\/p>\n<p>&nbsp;<\/p>\n<p class=\"impact-text\">Board<\/p>\n<p>Jeden pojem (LIMIT), tri vedeck\u00e9 poz\u00edcie a jedna spolo\u010dn\u00e1 tabu\u013ea. Minis\u00e9ria troch vedeck\u00fdch predn\u00e1\u0161ok o my\u0161lienkach, ktor\u00e9 prekonali limity poznania. Ako si matematika poradila s nekone\u010dne mal\u00fdmi veli\u010dinami? V \u010dom spo\u010d\u00edvaj\u00fa limity rastu glob\u00e1lnej \u013eudskej spolo\u010dnosti? Ak\u00e9 limity existuj\u00fa v pr\u00edrode a vo fyzike?<\/p>\n<p><strong>Kedy?<\/strong><br \/>\n\u0160tvrtok 8.6. (Martin Moj\u017ei\u0161), piatok 9.6. (Alexander A\u010d) a sobota 10.6. (Juraj Tekel), za\u010diatok v\u017edy o 17.00.<\/p>\n<p><strong>Kde?<\/strong> <span class=\"text_exposed_show\"><br \/>\nV centr\u00e1le festivalu \u010d. 2 na Laurinskej ulici \u010d\u00edslo 14.<\/span><\/p>\n<p>Fyzik, pedag\u00f3g a publicista Martin Moj\u017ei\u0161, environmentalista Alexander A\u010d a fyzik Juraj Tekel predstavia pr\u00edbehy my\u0161lienok, ktor\u00e9 posunuli hranice poznania. V\u00fdsledkom je spolo\u010dn\u00e9 dielo &#8211; na tabuli roztr\u00fasen\u00e9 sch\u00e9my, grafy, obr\u00e1zky a pozn\u00e1mky z procesu vysvet\u013eovania a diskusie.<\/p>\n<p>Organiz\u00e1tori: Fedor Bla\u0161\u010d\u00e1k a Peter Li\u0161ka<\/p>\n<p>[\/vc_column_text] [vc_column_text pb_margin_bottom=&#8220;no&#8220; pb_border_bottom=&#8220;no&#8220; width=&#8220;1\/2&#8243; el_position=&#8220;last&#8220;]<\/p>\n<p>&nbsp;<\/p>\n<p>&nbsp;<\/p>\n<p style=\"text-align: center;\"><a href=\"http:\/\/www.bratislavadesignweek.sk\/wp-content\/uploads\/2017\/05\/18664453_1489395034432506_7894031302651049217_n.jpg\"><img fetchpriority=\"high\" decoding=\"async\" class=\"alignnone wp-image-7166\" src=\"http:\/\/www.bratislavadesignweek.sk\/wp-content\/uploads\/2017\/05\/18664453_1489395034432506_7894031302651049217_n-300x172.jpg\" alt=\"\" width=\"452\" height=\"259\" srcset=\"https:\/\/www.bratislavadesignweek.sk\/wp-content\/uploads\/2017\/05\/18664453_1489395034432506_7894031302651049217_n-300x172.jpg 300w, https:\/\/www.bratislavadesignweek.sk\/wp-content\/uploads\/2017\/05\/18664453_1489395034432506_7894031302651049217_n.jpg 556w\" sizes=\"(max-width: 452px) 100vw, 452px\" \/><\/a><\/p>\n<p>[\/vc_column_text]<\/p>","protected":false},"excerpt":{"rendered":"<p>[vc_column_text pb_margin_bottom=&#8220;no&#8220; pb_border_bottom=&#8220;no&#8220; width=&#8220;1\/2&#8243; el_position=&#8220;first&#8220;] &nbsp; Tabu\u013ea Jeden pojem (LIMIT), tri vedeck\u00e9 poz\u00edcie a jedna spolo\u010dn\u00e1 tabu\u013ea. Minis\u00e9ria troch vedeck\u00fdch predn\u00e1\u0161ok o my\u0161lienkach, ktor\u00e9 prekonali limity poznania. Ako si matematika poradila s nekone\u010dne mal\u00fdmi veli\u010dinami? V \u010dom spo\u010d\u00edvaj\u00fa limity rastu glob\u00e1lnej \u013eudskej spolo\u010dnosti? Ak\u00e9 limity existuj\u00fa v pr\u00edrode a vo fyzike? Kedy? \u0160tvrtok 8.6. (Martin [&hellip;]<\/p>","protected":false},"author":6,"featured_media":0,"comment_status":"closed","ping_status":"closed","sticky":false,"template":"","format":"standard","meta":{"footnotes":""},"categories":[634,895],"tags":[],"_links":{"self":[{"href":"https:\/\/www.bratislavadesignweek.sk\/en\/wp-json\/wp\/v2\/posts\/7165"}],"collection":[{"href":"https:\/\/www.bratislavadesignweek.sk\/en\/wp-json\/wp\/v2\/posts"}],"about":[{"href":"https:\/\/www.bratislavadesignweek.sk\/en\/wp-json\/wp\/v2\/types\/post"}],"author":[{"embeddable":true,"href":"https:\/\/www.bratislavadesignweek.sk\/en\/wp-json\/wp\/v2\/users\/6"}],"replies":[{"embeddable":true,"href":"https:\/\/www.bratislavadesignweek.sk\/en\/wp-json\/wp\/v2\/comments?post=7165"}],"version-history":[{"count":9,"href":"https:\/\/www.bratislavadesignweek.sk\/en\/wp-json\/wp\/v2\/posts\/7165\/revisions"}],"predecessor-version":[{"id":7176,"href":"https:\/\/www.bratislavadesignweek.sk\/en\/wp-json\/wp\/v2\/posts\/7165\/revisions\/7176"}],"wp:attachment":[{"href":"https:\/\/www.bratislavadesignweek.sk\/en\/wp-json\/wp\/v2\/media?parent=7165"}],"wp:term":[{"taxonomy":"category","embeddable":true,"href":"https:\/\/www.bratislavadesignweek.sk\/en\/wp-json\/wp\/v2\/categories?post=7165"},{"taxonomy":"post_tag","embeddable":true,"href":"https:\/\/www.bratislavadesignweek.sk\/en\/wp-json\/wp\/v2\/tags?post=7165"}],"curies":[{"name":"wp","href":"https:\/\/api.w.org\/{rel}","templated":true}]}}