{"id":7174,"date":"2017-05-29T15:30:28","date_gmt":"2017-05-29T14:30:28","guid":{"rendered":"http:\/\/www.bratislavadesignweek.sk\/?p=7174"},"modified":"2024-09-25T12:21:28","modified_gmt":"2024-09-25T10:21:28","slug":"design-lectures-badw-prednasky","status":"publish","type":"post","link":"https:\/\/www.bratislavadesignweek.sk\/en\/design-lectures-badw-prednasky\/","title":{"rendered":"Design Lectures \/ BADW predn\u00e1\u0161ky"},"content":{"rendered":"<p>[vc_column_text pb_margin_bottom=&#8220;no&#8220; pb_border_bottom=&#8220;no&#8220; width=&#8220;1\/2&#8243; el_position=&#8220;first&#8220;]<\/p>\n<p>&nbsp;<\/p>\n<p class=\"impact-text\">Design Lectures<\/p>\n<p>Hostia festivalu BADW predstavia svoju pr\u00e1cu aj formou predn\u00e1\u0161ok na akcii BADW Design Lectures. Pr\u00eddite sa s nimi osobne zozn\u00e1mi\u0165 a vypo\u010du\u0165 si nad \u010d\u00edm prem\u00fd\u0161\u013eaj\u00fa nielen v s\u00favisloti s t\u00e9mou LIMIT.<\/p>\n<p>Jose Penad\u00e9s \/ MADRID<br \/>\nSamy Rio \/ PAR\u00cd\u017d<br \/>\nJakub Berdych \/ PRAHA<br \/>\nSander Wassink \/ EIDHOVEN<br \/>\nCrafting Plastics \/ BRATISLAVA, BERL\u00cdN<br \/>\nGuglielmo Poletti \/ MIL\u00c1NO, EIDHOVEN<br \/>\nVerena Kolm \/ GRAZ<br \/>\nTade\u00e1\u0161 Podrack\u00fd a Mark\u00e9ta Kratochv\u00edlov\u00e1\/ PRAHA<br \/>\nModeruje: Fedor Bla\u0161\u010d\u00e1k<br \/>\nAfter: Barcode DJ\u2019s<\/p>\n<p>Vstup na BADW Design Lectures je limitovan\u00fd na 150 os\u00f4b<\/p>\n<p>Vstupn\u00e9 do 6.6.: 8\u00a0\u20ac, 5\u00a0\u20ac (\u0161tudenti). V de\u0148 akcie: 10\u00a0\u20ac, 7 \u20ac (\u0161tudenti). Ob\u010derstvenie v cene.<\/p>\n<p>Predpredaj:\u00a0<a href=\"https:\/\/bratislavadesignweek.interticket.sk\/\">https:\/\/bratislavadesignweek.interticket.sk\/<\/a><\/p>\n<p>Predn\u00e1\u0161ky bud\u00fa v anglickom jazyku.<\/p>\n<p>[\/vc_column_text] [vc_column_text pb_margin_bottom=&#8220;no&#8220; pb_border_bottom=&#8220;no&#8220; width=&#8220;1\/2&#8243; el_position=&#8220;last&#8220;]<\/p>\n<p>&nbsp;<\/p>\n<p>&nbsp;<\/p>\n<p style=\"text-align: center;\"><a href=\"http:\/\/www.bratislavadesignweek.sk\/wp-content\/uploads\/2017\/05\/18765582_1492569250781751_7675891723615107753_n.jpg\"><img fetchpriority=\"high\" decoding=\"async\" class=\"alignnone wp-image-7177\" src=\"http:\/\/www.bratislavadesignweek.sk\/wp-content\/uploads\/2017\/05\/18765582_1492569250781751_7675891723615107753_n-300x197.jpg\" alt=\"\" width=\"459\" height=\"301\" \/><\/a><\/p>\n<p>[\/vc_column_text]<\/p>","protected":false},"excerpt":{"rendered":"<p>[vc_column_text pb_margin_bottom=&#8220;no&#8220; pb_border_bottom=&#8220;no&#8220; width=&#8220;1\/2&#8243; el_position=&#8220;first&#8220;] &nbsp; Design Lectures Hostia festivalu BADW predstavia svoju pr\u00e1cu aj formou predn\u00e1\u0161ok na akcii BADW Design Lectures. Pr\u00eddite sa s nimi osobne zozn\u00e1mi\u0165 a vypo\u010du\u0165 si nad \u010d\u00edm prem\u00fd\u0161\u013eaj\u00fa nielen v s\u00favisloti s t\u00e9mou LIMIT. Jose Penad\u00e9s \/ MADRID Samy Rio \/ PAR\u00cd\u017d Jakub Berdych \/ PRAHA Sander Wassink \/ [&hellip;]<\/p>","protected":false},"author":6,"featured_media":0,"comment_status":"closed","ping_status":"closed","sticky":false,"template":"","format":"standard","meta":{"footnotes":""},"categories":[634,895],"tags":[],"_links":{"self":[{"href":"https:\/\/www.bratislavadesignweek.sk\/en\/wp-json\/wp\/v2\/posts\/7174"}],"collection":[{"href":"https:\/\/www.bratislavadesignweek.sk\/en\/wp-json\/wp\/v2\/posts"}],"about":[{"href":"https:\/\/www.bratislavadesignweek.sk\/en\/wp-json\/wp\/v2\/types\/post"}],"author":[{"embeddable":true,"href":"https:\/\/www.bratislavadesignweek.sk\/en\/wp-json\/wp\/v2\/users\/6"}],"replies":[{"embeddable":true,"href":"https:\/\/www.bratislavadesignweek.sk\/en\/wp-json\/wp\/v2\/comments?post=7174"}],"version-history":[{"count":2,"href":"https:\/\/www.bratislavadesignweek.sk\/en\/wp-json\/wp\/v2\/posts\/7174\/revisions"}],"predecessor-version":[{"id":7179,"href":"https:\/\/www.bratislavadesignweek.sk\/en\/wp-json\/wp\/v2\/posts\/7174\/revisions\/7179"}],"wp:attachment":[{"href":"https:\/\/www.bratislavadesignweek.sk\/en\/wp-json\/wp\/v2\/media?parent=7174"}],"wp:term":[{"taxonomy":"category","embeddable":true,"href":"https:\/\/www.bratislavadesignweek.sk\/en\/wp-json\/wp\/v2\/categories?post=7174"},{"taxonomy":"post_tag","embeddable":true,"href":"https:\/\/www.bratislavadesignweek.sk\/en\/wp-json\/wp\/v2\/tags?post=7174"}],"curies":[{"name":"wp","href":"https:\/\/api.w.org\/{rel}","templated":true}]}}