{"id":7185,"date":"2017-05-29T16:12:03","date_gmt":"2017-05-29T15:12:03","guid":{"rendered":"http:\/\/www.bratislavadesignweek.sk\/?p=7185"},"modified":"2024-09-25T14:52:27","modified_gmt":"2024-09-25T12:52:27","slug":"design-lectures-badw-lectures","status":"publish","type":"post","link":"https:\/\/www.bratislavadesignweek.sk\/en\/design-lectures-badw-lectures\/","title":{"rendered":"Design Lectures \/ BADW lectures"},"content":{"rendered":"<p>[vc_column_text pb_margin_bottom=&#8220;no&#8220; pb_border_bottom=&#8220;no&#8220; width=&#8220;1\/2&#8243; el_position=&#8220;first&#8220;]<\/p>\n<p>&nbsp;<\/p>\n<p class=\"impact-text\">Design Lectures<\/p>\n<p>BADW festival&#8217;s guests will introduce their work through lectures at the event BADW \u00a0Design Lectures. Come to meet them personally and find out, what they&#8217;re thinking about, not only in context with the topic LIMIT.<\/p>\n<p>Jose Penad\u00e9s \/ MADRID<br \/>\nSamy Rio \/ PARIS<br \/>\nJakub Berdych \/ PRAGUE<br \/>\nSander Wassink \/ EIDHOVEN<br \/>\nCrafting Plastics \/ BRATISLAVA, BERLIN<br \/>\nGuglielmo Poletti \/ MILAN, EIDHOVEN<br \/>\nVerena Kolm \/ GRAZ<br \/>\nTade\u00e1\u0161 Podrack\u00fd a Mark\u00e9ta Kratochv\u00edlov\u00e1\/ PRAGUE<br \/>\nModerator: Fedor Bla\u0161\u010d\u00e1k<br \/>\nAfter: Barcode DJ\u2019s<\/p>\n<p>The guests of our BADW Design Lectures is limited to only 150 persons<\/p>\n<p>Prices of tickets until\u00a06.6.: 8\u00a0\u20ac, 5\u00a0\u20ac (students). On the day of event: 10\u00a0\u20ac, 7 \u20ac (students). Refreshment included.<\/p>\n<p>Presale:\u00a0<a href=\"https:\/\/bratislavadesignweek.interticket.sk\/\">https:\/\/bratislavadesignweek.interticket.sk\/<\/a><\/p>\n<p>Lectures will be in english language.<\/p>\n<p>[\/vc_column_text] [vc_column_text pb_margin_bottom=&#8220;no&#8220; pb_border_bottom=&#8220;no&#8220; width=&#8220;1\/2&#8243; el_position=&#8220;last&#8220;]<\/p>\n<p>&nbsp;<\/p>\n<p>&nbsp;<\/p>\n<p style=\"text-align: center;\"><a href=\"http:\/\/www.bratislavadesignweek.sk\/wp-content\/uploads\/2017\/05\/18765582_1492569250781751_7675891723615107753_n.jpg\"><img fetchpriority=\"high\" decoding=\"async\" class=\"alignnone wp-image-7177\" src=\"http:\/\/www.bratislavadesignweek.sk\/wp-content\/uploads\/2017\/05\/18765582_1492569250781751_7675891723615107753_n-300x197.jpg\" alt=\"\" width=\"459\" height=\"301\" \/><\/a><\/p>\n<p>[\/vc_column_text]<\/p>","protected":false},"excerpt":{"rendered":"<p>[vc_column_text pb_margin_bottom=&#8220;no&#8220; pb_border_bottom=&#8220;no&#8220; width=&#8220;1\/2&#8243; el_position=&#8220;first&#8220;] &nbsp; Design Lectures BADW festival&#8217;s guests will introduce their work through lectures at the event BADW \u00a0Design Lectures. Come to meet them personally and find out, what they&#8217;re thinking about, not only in context with the topic LIMIT. Jose Penad\u00e9s \/ MADRID Samy Rio \/ PARIS Jakub Berdych \/ PRAGUE [&hellip;]<\/p>","protected":false},"author":6,"featured_media":0,"comment_status":"closed","ping_status":"closed","sticky":false,"template":"","format":"standard","meta":{"footnotes":""},"categories":[895,782],"tags":[],"_links":{"self":[{"href":"https:\/\/www.bratislavadesignweek.sk\/en\/wp-json\/wp\/v2\/posts\/7185"}],"collection":[{"href":"https:\/\/www.bratislavadesignweek.sk\/en\/wp-json\/wp\/v2\/posts"}],"about":[{"href":"https:\/\/www.bratislavadesignweek.sk\/en\/wp-json\/wp\/v2\/types\/post"}],"author":[{"embeddable":true,"href":"https:\/\/www.bratislavadesignweek.sk\/en\/wp-json\/wp\/v2\/users\/6"}],"replies":[{"embeddable":true,"href":"https:\/\/www.bratislavadesignweek.sk\/en\/wp-json\/wp\/v2\/comments?post=7185"}],"version-history":[{"count":1,"href":"https:\/\/www.bratislavadesignweek.sk\/en\/wp-json\/wp\/v2\/posts\/7185\/revisions"}],"predecessor-version":[{"id":7186,"href":"https:\/\/www.bratislavadesignweek.sk\/en\/wp-json\/wp\/v2\/posts\/7185\/revisions\/7186"}],"wp:attachment":[{"href":"https:\/\/www.bratislavadesignweek.sk\/en\/wp-json\/wp\/v2\/media?parent=7185"}],"wp:term":[{"taxonomy":"category","embeddable":true,"href":"https:\/\/www.bratislavadesignweek.sk\/en\/wp-json\/wp\/v2\/categories?post=7185"},{"taxonomy":"post_tag","embeddable":true,"href":"https:\/\/www.bratislavadesignweek.sk\/en\/wp-json\/wp\/v2\/tags?post=7185"}],"curies":[{"name":"wp","href":"https:\/\/api.w.org\/{rel}","templated":true}]}}