{"id":7199,"date":"2017-05-29T19:06:10","date_gmt":"2017-05-29T18:06:10","guid":{"rendered":"http:\/\/www.bratislavadesignweek.sk\/?p=7199"},"modified":"2024-09-25T14:51:52","modified_gmt":"2024-09-25T12:51:52","slug":"a-class-studio-parallel-area-2","status":"publish","type":"post","link":"https:\/\/www.bratislavadesignweek.sk\/en\/a-class-studio-parallel-area-2\/","title":{"rendered":"A Class Studio \/ Parallel Area"},"content":{"rendered":"<p>[vc_column_text pb_margin_bottom=&#8220;no&#8220; pb_border_bottom=&#8220;no&#8220; width=&#8220;1\/2&#8243; el_position=&#8220;first&#8220;]<\/p>\n<p>&nbsp;<\/p>\n<p class=\"impact-text\">A Class Studio<\/p>\n<p>At the beginning of this year, a small design studio led by Miroslava Trok\u0161iarov\u00e1, a graduate of Bratislava&#8217;s Academy of Arts and Design, settled in one of the council houses on Karpatsk\u00e1 street in Bratislava. Its goal is to extend its activities into the area of material exploration and supply of exceptional interior solutions for the clients on the Slovak and Czech market. The ground floor of the building hosts a new showroom bound to open its door for the first time during the BADW. Two French brands are currently represented in the studio: Concrete LCDA and Argile.<\/p>\n<p>[button colour=\"grey\" type=\"0\u2033 size=\"small\" link=\"http:\/\/<a href=\"http:\/\/aclass-studio.com\/\">www.aclass-studio.sk<\/a>\/&#8220; target=&#8220;_self&#8220;]www.aclass-studio.sk[\/button]<\/p>\n<p>[\/vc_column_text] [vc_column_text pb_margin_bottom=&#8220;no&#8220; pb_border_bottom=&#8220;no&#8220; width=&#8220;1\/2&#8243; el_position=&#8220;last&#8220;]<\/p>\n<p>&nbsp;<\/p>\n<p><a href=\"http:\/\/www.bratislavadesignweek.sk\/wp-content\/uploads\/2017\/05\/concrete-lcda.jpg\"><img fetchpriority=\"high\" decoding=\"async\" class=\"wp-image-6782 aligncenter\" src=\"http:\/\/www.bratislavadesignweek.sk\/wp-content\/uploads\/2017\/05\/concrete-lcda-300x200.jpg\" alt=\"\" width=\"449\" height=\"299\" srcset=\"https:\/\/www.bratislavadesignweek.sk\/wp-content\/uploads\/2017\/05\/concrete-lcda-300x200.jpg 300w, https:\/\/www.bratislavadesignweek.sk\/wp-content\/uploads\/2017\/05\/concrete-lcda-768x512.jpg 768w, https:\/\/www.bratislavadesignweek.sk\/wp-content\/uploads\/2017\/05\/concrete-lcda.jpg 1000w\" sizes=\"(max-width: 449px) 100vw, 449px\" \/><\/a><\/p>\n<p>&nbsp;<\/p>\n<p style=\"text-align: center;\"><a href=\"http:\/\/www.bratislavadesignweek.sk\/wp-content\/uploads\/2017\/05\/argile.jpg\"><img decoding=\"async\" class=\"alignnone wp-image-6784\" src=\"http:\/\/www.bratislavadesignweek.sk\/wp-content\/uploads\/2017\/05\/argile-300x202.jpg\" alt=\"\" width=\"449\" height=\"302\" srcset=\"https:\/\/www.bratislavadesignweek.sk\/wp-content\/uploads\/2017\/05\/argile-300x202.jpg 300w, https:\/\/www.bratislavadesignweek.sk\/wp-content\/uploads\/2017\/05\/argile-768x516.jpg 768w, https:\/\/www.bratislavadesignweek.sk\/wp-content\/uploads\/2017\/05\/argile.jpg 1000w\" sizes=\"(max-width: 449px) 100vw, 449px\" \/><\/a><\/p>\n<p>[\/vc_column_text]<\/p>","protected":false},"excerpt":{"rendered":"<p>[vc_column_text pb_margin_bottom=&#8220;no&#8220; pb_border_bottom=&#8220;no&#8220; width=&#8220;1\/2&#8243; el_position=&#8220;first&#8220;] &nbsp; A Class Studio At the beginning of this year, a small design studio led by Miroslava Trok\u0161iarov\u00e1, a graduate of Bratislava&#8217;s Academy of Arts and Design, settled in one of the council houses on Karpatsk\u00e1 street in Bratislava. Its goal is to extend its activities into the area of [&hellip;]<\/p>","protected":false},"author":6,"featured_media":0,"comment_status":"closed","ping_status":"closed","sticky":false,"template":"","format":"standard","meta":{"footnotes":""},"categories":[895,797,801],"tags":[],"_links":{"self":[{"href":"https:\/\/www.bratislavadesignweek.sk\/en\/wp-json\/wp\/v2\/posts\/7199"}],"collection":[{"href":"https:\/\/www.bratislavadesignweek.sk\/en\/wp-json\/wp\/v2\/posts"}],"about":[{"href":"https:\/\/www.bratislavadesignweek.sk\/en\/wp-json\/wp\/v2\/types\/post"}],"author":[{"embeddable":true,"href":"https:\/\/www.bratislavadesignweek.sk\/en\/wp-json\/wp\/v2\/users\/6"}],"replies":[{"embeddable":true,"href":"https:\/\/www.bratislavadesignweek.sk\/en\/wp-json\/wp\/v2\/comments?post=7199"}],"version-history":[{"count":1,"href":"https:\/\/www.bratislavadesignweek.sk\/en\/wp-json\/wp\/v2\/posts\/7199\/revisions"}],"predecessor-version":[{"id":7200,"href":"https:\/\/www.bratislavadesignweek.sk\/en\/wp-json\/wp\/v2\/posts\/7199\/revisions\/7200"}],"wp:attachment":[{"href":"https:\/\/www.bratislavadesignweek.sk\/en\/wp-json\/wp\/v2\/media?parent=7199"}],"wp:term":[{"taxonomy":"category","embeddable":true,"href":"https:\/\/www.bratislavadesignweek.sk\/en\/wp-json\/wp\/v2\/categories?post=7199"},{"taxonomy":"post_tag","embeddable":true,"href":"https:\/\/www.bratislavadesignweek.sk\/en\/wp-json\/wp\/v2\/tags?post=7199"}],"curies":[{"name":"wp","href":"https:\/\/api.w.org\/{rel}","templated":true}]}}