{"id":7212,"date":"2017-05-29T20:24:18","date_gmt":"2017-05-29T19:24:18","guid":{"rendered":"http:\/\/www.bratislavadesignweek.sk\/?p=7212"},"modified":"2024-09-25T12:21:27","modified_gmt":"2024-09-25T10:21:27","slug":"slovenska-izba-reviseted-badw-vystava","status":"publish","type":"post","link":"https:\/\/www.bratislavadesignweek.sk\/en\/slovenska-izba-reviseted-badw-vystava\/","title":{"rendered":"Slovensk\u00e1 izba reviseted \/ BADW v\u00fdstava"},"content":{"rendered":"<p>[vc_column_text pb_margin_bottom=&#8220;no&#8220; pb_border_bottom=&#8220;no&#8220; width=&#8220;1\/2&#8243; el_position=&#8220;first&#8220;]<\/p>\n<p>&nbsp;<\/p>\n<p class=\"impact-text\">\u00a0Slovensk\u00e1 izba reviseted<\/p>\n<p>Izba je ust\u00e1len\u00e9 slovn\u00e9 spojenie, ktor\u00e9 ozna\u010dovalo pr\u00edklady typick\u00e9ho in &#8211; teri\u00e9ru slovensk\u00e9ho ro\u013en\u00edka alebo vidie\u010dana. Bu\u010f na oblastn\u00fdch v\u00fdstav\u00e1ch, ale \u010dasto aj v hoteloch, \u010di re\u0161taur\u00e1ci\u00e1ch. Ust\u00e1len\u00e9 bolo aj zariadenie t\u00fdchto priestorov. Dreven\u00e9 obklady, vyrez\u00e1van\u00fd dreven\u00fd n\u00e1bytok a bytov\u00e9 doplnky, \u013eudov\u00e1 keramika, pl\u00e1tenn\u00e9 obrusy, ov\u010die guby na sten\u00e1ch, ob\u010das vala\u0161ka. Sentiment\u00e1lna esencia rur\u00e1lneho sp\u00f4sobu \u017eivota a \u013eudovej kult\u00fary. Na\u0161a slovensk\u00e1 izba je z 21. storo\u010dia. Predstavuje v\u00fdber pre n\u00e1s zauj\u00edmav\u00fdch interi\u00e9rov\u00fdch objektov, ktor\u00e9 s\u00fa akousi esenciou aktu\u00e1lnej rev\u00edzie pojmu slo &#8211; vensk\u00e1 izba. M\u00e1me radi trad\u00edcie, ale ako sa tu vrav\u00ed u\u017e od 19. storo\u010dia: \u201eNasp\u00e4\u0165 cesta nemo\u017en\u00e1, napred sa \u00eds\u0165 mus\u00ed. \u201c (\u013d. \u0160t\u00far)<\/p>\n<p>[\/vc_column_text] [vc_column_text pb_margin_bottom=&#8220;no&#8220; pb_border_bottom=&#8220;no&#8220; width=&#8220;1\/2&#8243; el_position=&#8220;last&#8220;]<\/p>\n<p>&nbsp;<\/p>\n<p style=\"text-align: center;\"><a href=\"http:\/\/www.bratislavadesignweek.sk\/wp-content\/uploads\/2017\/05\/slovenska-izba-.jpg\"><img fetchpriority=\"high\" decoding=\"async\" class=\"alignnone  wp-image-7213\" src=\"http:\/\/www.bratislavadesignweek.sk\/wp-content\/uploads\/2017\/05\/slovenska-izba--300x200.jpg\" alt=\"\" width=\"460\" height=\"306\" \/><\/a><\/p>\n<p>[\/vc_column_text]<\/p>","protected":false},"excerpt":{"rendered":"<p>[vc_column_text pb_margin_bottom=&#8220;no&#8220; pb_border_bottom=&#8220;no&#8220; width=&#8220;1\/2&#8243; el_position=&#8220;first&#8220;] &nbsp; \u00a0Slovensk\u00e1 izba reviseted Izba je ust\u00e1len\u00e9 slovn\u00e9 spojenie, ktor\u00e9 ozna\u010dovalo pr\u00edklady typick\u00e9ho in &#8211; teri\u00e9ru slovensk\u00e9ho ro\u013en\u00edka alebo vidie\u010dana. Bu\u010f na oblastn\u00fdch v\u00fdstav\u00e1ch, ale \u010dasto aj v hoteloch, \u010di re\u0161taur\u00e1ci\u00e1ch. Ust\u00e1len\u00e9 bolo aj zariadenie t\u00fdchto priestorov. Dreven\u00e9 obklady, vyrez\u00e1van\u00fd dreven\u00fd n\u00e1bytok a bytov\u00e9 doplnky, \u013eudov\u00e1 keramika, pl\u00e1tenn\u00e9 obrusy, ov\u010die [&hellip;]<\/p>","protected":false},"author":6,"featured_media":0,"comment_status":"closed","ping_status":"closed","sticky":false,"template":"","format":"standard","meta":{"footnotes":""},"categories":[634,895],"tags":[],"_links":{"self":[{"href":"https:\/\/www.bratislavadesignweek.sk\/en\/wp-json\/wp\/v2\/posts\/7212"}],"collection":[{"href":"https:\/\/www.bratislavadesignweek.sk\/en\/wp-json\/wp\/v2\/posts"}],"about":[{"href":"https:\/\/www.bratislavadesignweek.sk\/en\/wp-json\/wp\/v2\/types\/post"}],"author":[{"embeddable":true,"href":"https:\/\/www.bratislavadesignweek.sk\/en\/wp-json\/wp\/v2\/users\/6"}],"replies":[{"embeddable":true,"href":"https:\/\/www.bratislavadesignweek.sk\/en\/wp-json\/wp\/v2\/comments?post=7212"}],"version-history":[{"count":1,"href":"https:\/\/www.bratislavadesignweek.sk\/en\/wp-json\/wp\/v2\/posts\/7212\/revisions"}],"predecessor-version":[{"id":7214,"href":"https:\/\/www.bratislavadesignweek.sk\/en\/wp-json\/wp\/v2\/posts\/7212\/revisions\/7214"}],"wp:attachment":[{"href":"https:\/\/www.bratislavadesignweek.sk\/en\/wp-json\/wp\/v2\/media?parent=7212"}],"wp:term":[{"taxonomy":"category","embeddable":true,"href":"https:\/\/www.bratislavadesignweek.sk\/en\/wp-json\/wp\/v2\/categories?post=7212"},{"taxonomy":"post_tag","embeddable":true,"href":"https:\/\/www.bratislavadesignweek.sk\/en\/wp-json\/wp\/v2\/tags?post=7212"}],"curies":[{"name":"wp","href":"https:\/\/api.w.org\/{rel}","templated":true}]}}