{"id":7245,"date":"2017-06-03T11:34:25","date_gmt":"2017-06-03T10:34:25","guid":{"rendered":"http:\/\/www.bratislavadesignweek.sk\/?p=7245"},"modified":"2024-09-25T12:22:16","modified_gmt":"2024-09-25T10:22:16","slug":"atelier-priemyselny-dizajn-a-atelier-industrial-design-school-area","status":"publish","type":"post","link":"https:\/\/www.bratislavadesignweek.sk\/en\/atelier-priemyselny-dizajn-a-atelier-industrial-design-school-area\/","title":{"rendered":"Industrial Design Studio and Industrial Design Studio \/ School Area"},"content":{"rendered":"<p>[vc_column_text pb_margin_bottom=&#8220;no&#8220; pb_border_bottom=&#8220;no&#8220; width=&#8220;1\/2&#8243; el_position=&#8220;first&#8220;]<\/p>\n<p>&nbsp;<\/p>\n<p class=\"impact-text\">Industrial Design Studio and Industrial Design Studio<\/p>\n<p><em>Industrial Design Studio, Faculty of Multimedia Communications, T. Bat'a, Zl\u00edn + Atelier of Industrial Design, V\u0160VU Bratislava.<\/em><\/p>\n<p>The students' exhibition entitled \"Cucaj\" focuses on the Czechoslovak phenomenon of the spa cup. The installation evokes the tranquil atmosphere of the spa, inherently linked to the surrounding nature. The presented cup designs reflect the methodology of design work, accentuating optimal function as well as user comfort, visual quality, shape inventiveness, respect for the chosen technology and potential for serial production.<\/p>\n<p>[\/vc_column_text] [vc_column_text pb_margin_bottom=&#8220;no&#8220; pb_border_bottom=&#8220;no&#8220; width=&#8220;1\/2&#8243; el_position=&#8220;last&#8220;]<\/p>\n<p><a href=\"http:\/\/www.bratislavadesignweek.sk\/wp-content\/uploads\/2017\/06\/zli\u0301n-vsvu-web.jpg\"><img fetchpriority=\"high\" decoding=\"async\" class=\"wp-image-7247 aligncenter\" src=\"http:\/\/www.bratislavadesignweek.sk\/wp-content\/uploads\/2017\/06\/zli\u0301n-vsvu-web-200x300.jpg\" alt=\"\" width=\"320\" height=\"480\" \/><\/a><\/p>\n<p>&nbsp;<\/p>\n<p>[\/vc_column_text]<\/p>","protected":false},"excerpt":{"rendered":"<p>[vc_column_text pb_margin_bottom=&#8220;no&#8220; pb_border_bottom=&#8220;no&#8220; width=&#8220;1\/2&#8243; el_position=&#8220;first&#8220;] &nbsp; Ateli\u00e9r priemyseln\u00fd dizajn a Ateli\u00e9r industrial design Ateli\u00e9r priemyseln\u00fd dizajn, Fakulta multimedi\u00e1lnych komunik\u00e1ci\u00ed, Univerzita T. Ba\u0165u, Zl\u00edn + Ateli\u00e9r industrial design, V\u0160VU Bratislava. Expoz\u00edcia \u0161tudentov pod n\u00e1zvom \u201eCucaj\u201c sa zameriava na \u010deskoslovensk\u00fd fenom\u00e9n k\u00fape\u013en\u00e9ho poh\u00e1rika. In\u0161tal\u00e1cia navodzuje pokojn\u00fa atmosf\u00e9ru k\u00fape\u013eov, neodmyslite\u013ene sp\u00e4t\u00fa s okolitou pr\u00edrodou. Prezentovan\u00e9 n\u00e1vrhy poh\u00e1rikov reflektuj\u00fa [&hellip;]<\/p>","protected":false},"author":6,"featured_media":0,"comment_status":"closed","ping_status":"closed","sticky":false,"template":"","format":"standard","meta":{"footnotes":""},"categories":[895,786],"tags":[],"_links":{"self":[{"href":"https:\/\/www.bratislavadesignweek.sk\/en\/wp-json\/wp\/v2\/posts\/7245"}],"collection":[{"href":"https:\/\/www.bratislavadesignweek.sk\/en\/wp-json\/wp\/v2\/posts"}],"about":[{"href":"https:\/\/www.bratislavadesignweek.sk\/en\/wp-json\/wp\/v2\/types\/post"}],"author":[{"embeddable":true,"href":"https:\/\/www.bratislavadesignweek.sk\/en\/wp-json\/wp\/v2\/users\/6"}],"replies":[{"embeddable":true,"href":"https:\/\/www.bratislavadesignweek.sk\/en\/wp-json\/wp\/v2\/comments?post=7245"}],"version-history":[{"count":1,"href":"https:\/\/www.bratislavadesignweek.sk\/en\/wp-json\/wp\/v2\/posts\/7245\/revisions"}],"predecessor-version":[{"id":7248,"href":"https:\/\/www.bratislavadesignweek.sk\/en\/wp-json\/wp\/v2\/posts\/7245\/revisions\/7248"}],"wp:attachment":[{"href":"https:\/\/www.bratislavadesignweek.sk\/en\/wp-json\/wp\/v2\/media?parent=7245"}],"wp:term":[{"taxonomy":"category","embeddable":true,"href":"https:\/\/www.bratislavadesignweek.sk\/en\/wp-json\/wp\/v2\/categories?post=7245"},{"taxonomy":"post_tag","embeddable":true,"href":"https:\/\/www.bratislavadesignweek.sk\/en\/wp-json\/wp\/v2\/tags?post=7245"}],"curies":[{"name":"wp","href":"https:\/\/api.w.org\/{rel}","templated":true}]}}