{"id":7404,"date":"2018-03-28T09:55:19","date_gmt":"2018-03-28T08:55:19","guid":{"rendered":"http:\/\/www.bratislavadesignweek.sk\/?p=7404"},"modified":"2024-09-25T12:23:09","modified_gmt":"2024-09-25T10:23:09","slug":"host-herrmann-coufal","status":"publish","type":"post","link":"https:\/\/www.bratislavadesignweek.sk\/en\/host-herrmann-coufal\/","title":{"rendered":"Hos\u0165 \/ Herrmann &#038; Coufal"},"content":{"rendered":"<p><a href=\"http:\/\/www.herrmanncoufal.com\">Mat\u011bj Coufal a Eduard Herrmann<\/a> patria napriek svojmu mlad\u00e9mu veku v\u00a0s\u00fa\u010dasnosti medzi najzauj\u00edmavej\u0161\u00edch \u010desk\u00fdch dizajn\u00e9rov. \u010co projekt to ocenenie , alebo aspo\u0148 nomin\u00e1cia. Ich z\u00e1ber je \u0161irok\u00fd od produktov\u00e9ho dizajnu, pre dizajn do veren\u00e9ho priestoru a\u017e po in\u0161tal\u00e1cie v\u00fdstav a prezent\u00e1cii. Doteraz najmedializovanej\u0161\u00edm bol n\u00e1vrh exteri\u00e9rovej lavi\u010dky Satellite pre zna\u010dku MMCit\u00e9. V\u00fdrazn\u00e1 betonov\u00e1 forma \u201etaniera\u201c \u2013 mala soch\u00e1rske kvality, ale z\u00e1rove\u0148 ni\u010d neuberala na funk\u010dnosti. Aj v\u010faka nej z\u00edskali v\u00a0roku 2016 ocenenie Objav roka na Czech Grand Design. Ich spolupr\u00e1ca so zna\u010dkou Bomma im priniesla ocenenie RED DOT design Awards za kolekciu svietidiel IGNIS, kde origin\u00e1lne pracovali s\u00a0br\u00fasen\u00fdm sklom. V\u00a0poslednom obdob\u00ed testuj\u00fa mo\u017enosti oh\u00fdbania kovov\u00fdch trubiek a ty\u010d\u00ed. Za\u010dalo to e\u0161te pri minimalistick\u00fdch geometrick\u00fdch svietidl\u00e1ch Gong a\u00a0pokra\u010duje to v\u00a0s\u00e9rii ve\u0161iakov Spagetti. Ich tvar je v\u00fdsledkom pozorovania ako v\u00e4\u010d\u0161inou ve\u0161iame kab\u00e1ty a\u00a0urobili ich v\u00a0dvoch verzi\u00e1ch v\u00a0stojacej a\u00a0z\u00e1vesnej.<\/p>\n<figure id=\"attachment_7405\" aria-describedby=\"caption-attachment-7405\" style=\"width: 500px\" class=\"wp-caption aligncenter\"><img fetchpriority=\"high\" decoding=\"async\" class=\"wp-image-7405 size-full\" src=\"http:\/\/www.bratislavadesignweek.sk\/wp-content\/uploads\/2018\/03\/unnamed-file.jpg\" alt=\"\" width=\"500\" height=\"757\" srcset=\"https:\/\/www.bratislavadesignweek.sk\/wp-content\/uploads\/2018\/03\/unnamed-file.jpg 500w, https:\/\/www.bratislavadesignweek.sk\/wp-content\/uploads\/2018\/03\/unnamed-file-198x300.jpg 198w\" sizes=\"(max-width: 500px) 100vw, 500px\" \/><figcaption id=\"caption-attachment-7405\" class=\"wp-caption-text\">Kolekcia Ignis pre zna\u010dku BOMMA<\/figcaption><\/figure>\n<p>&nbsp;<\/p>","protected":false},"excerpt":{"rendered":"<p>Mat\u011bj Coufal a Eduard Herrmann patria napriek svojmu mlad\u00e9mu veku v\u00a0s\u00fa\u010dasnosti medzi najzauj\u00edmavej\u0161\u00edch \u010desk\u00fdch dizajn\u00e9rov. \u010co projekt to ocenenie , alebo aspo\u0148 nomin\u00e1cia. Ich z\u00e1ber je \u0161irok\u00fd od produktov\u00e9ho dizajnu, pre dizajn do veren\u00e9ho priestoru a\u017e po in\u0161tal\u00e1cie v\u00fdstav a prezent\u00e1cii. Doteraz najmedializovanej\u0161\u00edm bol n\u00e1vrh exteri\u00e9rovej lavi\u010dky Satellite pre zna\u010dku MMCit\u00e9. V\u00fdrazn\u00e1 betonov\u00e1 forma \u201etaniera\u201c [&hellip;]<\/p>","protected":false},"author":2,"featured_media":7406,"comment_status":"closed","ping_status":"closed","sticky":false,"template":"","format":"standard","meta":{"footnotes":""},"categories":[896,786],"tags":[],"_links":{"self":[{"href":"https:\/\/www.bratislavadesignweek.sk\/en\/wp-json\/wp\/v2\/posts\/7404"}],"collection":[{"href":"https:\/\/www.bratislavadesignweek.sk\/en\/wp-json\/wp\/v2\/posts"}],"about":[{"href":"https:\/\/www.bratislavadesignweek.sk\/en\/wp-json\/wp\/v2\/types\/post"}],"author":[{"embeddable":true,"href":"https:\/\/www.bratislavadesignweek.sk\/en\/wp-json\/wp\/v2\/users\/2"}],"replies":[{"embeddable":true,"href":"https:\/\/www.bratislavadesignweek.sk\/en\/wp-json\/wp\/v2\/comments?post=7404"}],"version-history":[{"count":1,"href":"https:\/\/www.bratislavadesignweek.sk\/en\/wp-json\/wp\/v2\/posts\/7404\/revisions"}],"predecessor-version":[{"id":7407,"href":"https:\/\/www.bratislavadesignweek.sk\/en\/wp-json\/wp\/v2\/posts\/7404\/revisions\/7407"}],"wp:featuredmedia":[{"embeddable":true,"href":"https:\/\/www.bratislavadesignweek.sk\/en\/wp-json\/wp\/v2\/media\/7406"}],"wp:attachment":[{"href":"https:\/\/www.bratislavadesignweek.sk\/en\/wp-json\/wp\/v2\/media?parent=7404"}],"wp:term":[{"taxonomy":"category","embeddable":true,"href":"https:\/\/www.bratislavadesignweek.sk\/en\/wp-json\/wp\/v2\/categories?post=7404"},{"taxonomy":"post_tag","embeddable":true,"href":"https:\/\/www.bratislavadesignweek.sk\/en\/wp-json\/wp\/v2\/tags?post=7404"}],"curies":[{"name":"wp","href":"https:\/\/api.w.org\/{rel}","templated":true}]}}