{"id":7537,"date":"2018-04-30T12:02:57","date_gmt":"2018-04-30T11:02:57","guid":{"rendered":"http:\/\/www.bratislavadesignweek.sk\/?p=7537"},"modified":"2024-09-25T12:23:30","modified_gmt":"2024-09-25T10:23:30","slug":"jana-michalkova","status":"publish","type":"post","link":"https:\/\/www.bratislavadesignweek.sk\/en\/jana-michalkova\/","title":{"rendered":"Jana Michalkova"},"content":{"rendered":"<p>[vc_column_text pb_margin_bottom=&#8220;no&#8220; pb_border_bottom=&#8220;no&#8220; width=&#8220;1\/3&#8243; el_position=&#8220;first&#8220;]<\/p>\n<h2>Jana Michalkova<\/h2>\n<p>&#8222;U\u010diaca ve\u017ea Hopi je vyroben\u00e1 z vysokopevnostnej bukovej preglejky, v\u010faka \u010domu je odoln\u00e1 vo\u010di po\u0161kodeniu. Ve\u017ea sa sklad\u00e1 z dvoch \u010dast\u00ed a je navrhnut\u00e1 tak, aby vytvorila pre die\u0165a optim\u00e1lny priestor pre u\u010denie a hranie. St\u00e1va modul\u00e1rnym n\u00e1bytkom, ktor\u00fd rastie spolu s die\u0165a\u0165om. Obidve \u010dasti obsahuj\u00fa otvory, pomocou ktor\u00fdch sa d\u00e1 platforma prisp\u00f4sobova\u0165 v\u00fd\u0161ke die\u0165a\u0165a. Ve\u017ea \u00fa\u010dinne napom\u00e1ha s rozvojom motorick\u00fdch schopnost\u00ed, umo\u017en\u00ed de\u0165om by\u0165 na \u00farovni Va\u0161ich r\u00fak a sledova\u0165 \u010do pr\u00e1ve rob\u00edte pri varen\u00ed, pr\u00edpadne pri pr\u00e1ci v dielni a z\u00e1rove\u0148 sa zapoji\u0165 do aktiv\u00edt. Pri posunut\u00ed plo\u0161iny vo vrchnej \u010dasti a n\u00e1slednom vlo\u017een\u00ed m\u00e4kkej seda\u010dky je mo\u017en\u00e9 premeni\u0165 ju na stoli\u010dku na k\u0155menie. Po oddelen\u00ed ve\u017ee vznikaj\u00fa \u010fal\u0161ie vari\u00e1cie pou\u017e\u00edvania u\u010diacej ve\u017ee. M\u00f4\u017ee sl\u00fa\u017ei\u0165 ako schod\u00edky, st\u00f4l a stoli\u010dka alebo odkladac\u00ed priestor na hra\u010dky.&#8220;<\/p>\n<p>&nbsp;<\/p>\n<p>[\/vc_column_text] [vc_column_text pb_margin_bottom=&#8220;no&#8220; pb_border_bottom=&#8220;no&#8220; width=&#8220;1\/2&#8243; el_position=&#8220;last&#8220;]<\/p>\n<p>&nbsp;<\/p>\n<p><a href=\"http:\/\/www.bratislavadesignweek.sk\/wp-content\/uploads\/2018\/04\/2.jpg\"><img fetchpriority=\"high\" decoding=\"async\" class=\"alignnone size-medium wp-image-7538\" src=\"http:\/\/www.bratislavadesignweek.sk\/wp-content\/uploads\/2018\/04\/2-300x188.jpg\" alt=\"\" width=\"300\" height=\"188\" srcset=\"https:\/\/www.bratislavadesignweek.sk\/wp-content\/uploads\/2018\/04\/2-300x188.jpg 300w, https:\/\/www.bratislavadesignweek.sk\/wp-content\/uploads\/2018\/04\/2-768x480.jpg 768w, https:\/\/www.bratislavadesignweek.sk\/wp-content\/uploads\/2018\/04\/2-1024x640.jpg 1024w, https:\/\/www.bratislavadesignweek.sk\/wp-content\/uploads\/2018\/04\/2-1280x800.jpg 1280w\" sizes=\"(max-width: 300px) 100vw, 300px\" \/><\/a>\u00a0\u00a0\u00a0 <a href=\"http:\/\/www.bratislavadesignweek.sk\/wp-content\/uploads\/2018\/04\/3.jpg\"><img decoding=\"async\" class=\"alignnone size-medium wp-image-7539\" src=\"http:\/\/www.bratislavadesignweek.sk\/wp-content\/uploads\/2018\/04\/3-231x300.jpg\" alt=\"\" width=\"231\" height=\"300\" srcset=\"https:\/\/www.bratislavadesignweek.sk\/wp-content\/uploads\/2018\/04\/3-231x300.jpg 231w, https:\/\/www.bratislavadesignweek.sk\/wp-content\/uploads\/2018\/04\/3-768x996.jpg 768w, https:\/\/www.bratislavadesignweek.sk\/wp-content\/uploads\/2018\/04\/3-790x1024.jpg 790w, https:\/\/www.bratislavadesignweek.sk\/wp-content\/uploads\/2018\/04\/3-1280x1660.jpg 1280w\" sizes=\"(max-width: 231px) 100vw, 231px\" \/><\/a><\/p>\n<p>&nbsp;<\/p>\n<p>[\/vc_column_text]<\/p>","protected":false},"excerpt":{"rendered":"<p>[vc_column_text pb_margin_bottom=&#8220;no&#8220; pb_border_bottom=&#8220;no&#8220; width=&#8220;1\/3&#8243; el_position=&#8220;first&#8220;] Jana Michalkov\u00e1 &#8222;U\u010diaca ve\u017ea Hopi je vyroben\u00e1 z vysokopevnostnej bukovej preglejky, v\u010faka \u010domu je odoln\u00e1 vo\u010di po\u0161kodeniu. Ve\u017ea sa sklad\u00e1 z dvoch \u010dast\u00ed a je navrhnut\u00e1 tak, aby vytvorila pre die\u0165a optim\u00e1lny priestor pre u\u010denie a hranie. St\u00e1va modul\u00e1rnym n\u00e1bytkom, ktor\u00fd rastie spolu s die\u0165a\u0165om. Obidve \u010dasti obsahuj\u00fa otvory, pomocou [&hellip;]<\/p>","protected":false},"author":8,"featured_media":0,"comment_status":"closed","ping_status":"closed","sticky":false,"template":"","format":"standard","meta":{"footnotes":""},"categories":[896,786,809],"tags":[],"_links":{"self":[{"href":"https:\/\/www.bratislavadesignweek.sk\/en\/wp-json\/wp\/v2\/posts\/7537"}],"collection":[{"href":"https:\/\/www.bratislavadesignweek.sk\/en\/wp-json\/wp\/v2\/posts"}],"about":[{"href":"https:\/\/www.bratislavadesignweek.sk\/en\/wp-json\/wp\/v2\/types\/post"}],"author":[{"embeddable":true,"href":"https:\/\/www.bratislavadesignweek.sk\/en\/wp-json\/wp\/v2\/users\/8"}],"replies":[{"embeddable":true,"href":"https:\/\/www.bratislavadesignweek.sk\/en\/wp-json\/wp\/v2\/comments?post=7537"}],"version-history":[{"count":2,"href":"https:\/\/www.bratislavadesignweek.sk\/en\/wp-json\/wp\/v2\/posts\/7537\/revisions"}],"predecessor-version":[{"id":7595,"href":"https:\/\/www.bratislavadesignweek.sk\/en\/wp-json\/wp\/v2\/posts\/7537\/revisions\/7595"}],"wp:attachment":[{"href":"https:\/\/www.bratislavadesignweek.sk\/en\/wp-json\/wp\/v2\/media?parent=7537"}],"wp:term":[{"taxonomy":"category","embeddable":true,"href":"https:\/\/www.bratislavadesignweek.sk\/en\/wp-json\/wp\/v2\/categories?post=7537"},{"taxonomy":"post_tag","embeddable":true,"href":"https:\/\/www.bratislavadesignweek.sk\/en\/wp-json\/wp\/v2\/tags?post=7537"}],"curies":[{"name":"wp","href":"https:\/\/api.w.org\/{rel}","templated":true}]}}