{"id":7598,"date":"2018-05-04T18:29:25","date_gmt":"2018-05-04T17:29:25","guid":{"rendered":"http:\/\/www.bratislavadesignweek.sk\/?p=7598"},"modified":"2024-09-25T12:23:58","modified_gmt":"2024-09-25T10:23:58","slug":"pakta-studio","status":"publish","type":"post","link":"https:\/\/www.bratislavadesignweek.sk\/en\/pakta-studio\/","title":{"rendered":"Pakta Studio"},"content":{"rendered":"<p>[vc_column_text pb_margin_bottom=&#8220;no&#8220; pb_border_bottom=&#8220;no&#8220; width=&#8220;1\/3&#8243; el_position=&#8220;first&#8220;]<\/p>\n<h2>Pakta Studio<\/h2>\n<p>Multidisciplin\u00e1rna zna\u010dka, zameriavaj\u00faca sa na produkciu remeselne vyroben\u00fdch ta\u0161iek a batohov a textiln\u00fa potla\u010d. V\u0161etky produky navrhol a vyrobil mal\u00fd slovensko-anglick\u00fd t\u00edm v Bratislave z ru\u010dne roben\u00fdch hydrof\u00f3bne upraven\u00fdch l\u00e1tok z pr\u00edrodn\u00fdch vl\u00e1kien. Na\u0161ou prioritou je etick\u00e1 produkcia: \u010derp\u00e1me prim\u00e1rne zo slovensk\u00fdch a \u010desk\u00fdch zdrojov a udr\u017eiavame objem odpadu na minime. Dizajn produktov je ide\u00e1lny balans le\u017e\u00e9rneho minimalizmu a streetwear-u.<\/p>\n<p>PAKTA je stret formy a funk\u010dnosti, spojenie tla\u010de a kon\u0161trukcie. Je to v\u00fdsledok \u017eivotn\u00e9ho \u0161t\u00fdlu vy\u017eaduj\u00faceho spo\u013eahliv\u00fd v\u00fdrobok, ktor\u00fd odnesie v\u0161etko, \u010do do\u0148 vlo\u017e\u00edte.<\/p>\n<p>&nbsp;<\/p>\n<p>[\/vc_column_text] [vc_column_text pb_margin_bottom=&#8220;no&#8220; pb_border_bottom=&#8220;no&#8220; width=&#8220;1\/2&#8243; el_position=&#8220;last&#8220;]<\/p>\n<p><a href=\"http:\/\/www.bratislavadesignweek.sk\/wp-content\/uploads\/2018\/05\/IMG_1953.jpg\"><img fetchpriority=\"high\" decoding=\"async\" class=\"alignnone size-medium wp-image-7602\" src=\"http:\/\/www.bratislavadesignweek.sk\/wp-content\/uploads\/2018\/05\/IMG_1953-200x300.jpg\" alt=\"\" width=\"200\" height=\"300\" srcset=\"https:\/\/www.bratislavadesignweek.sk\/wp-content\/uploads\/2018\/05\/IMG_1953-200x300.jpg 200w, https:\/\/www.bratislavadesignweek.sk\/wp-content\/uploads\/2018\/05\/IMG_1953-768x1152.jpg 768w, https:\/\/www.bratislavadesignweek.sk\/wp-content\/uploads\/2018\/05\/IMG_1953-683x1024.jpg 683w, https:\/\/www.bratislavadesignweek.sk\/wp-content\/uploads\/2018\/05\/IMG_1953-1280x1920.jpg 1280w\" sizes=\"(max-width: 200px) 100vw, 200px\" \/><\/a> <a href=\"http:\/\/www.bratislavadesignweek.sk\/wp-content\/uploads\/2018\/05\/IMG_1972.jpg\"><img decoding=\"async\" class=\"alignnone size-medium wp-image-7603\" src=\"http:\/\/www.bratislavadesignweek.sk\/wp-content\/uploads\/2018\/05\/IMG_1972-200x300.jpg\" alt=\"\" width=\"200\" height=\"300\" srcset=\"https:\/\/www.bratislavadesignweek.sk\/wp-content\/uploads\/2018\/05\/IMG_1972-200x300.jpg 200w, https:\/\/www.bratislavadesignweek.sk\/wp-content\/uploads\/2018\/05\/IMG_1972-768x1152.jpg 768w, https:\/\/www.bratislavadesignweek.sk\/wp-content\/uploads\/2018\/05\/IMG_1972-683x1024.jpg 683w, https:\/\/www.bratislavadesignweek.sk\/wp-content\/uploads\/2018\/05\/IMG_1972-1280x1920.jpg 1280w\" sizes=\"(max-width: 200px) 100vw, 200px\" \/><\/a> <a href=\"http:\/\/www.bratislavadesignweek.sk\/wp-content\/uploads\/2018\/05\/IMG_2091.jpg\"><img decoding=\"async\" class=\"alignnone size-medium wp-image-7604\" src=\"http:\/\/www.bratislavadesignweek.sk\/wp-content\/uploads\/2018\/05\/IMG_2091-200x300.jpg\" alt=\"\" width=\"200\" height=\"300\" srcset=\"https:\/\/www.bratislavadesignweek.sk\/wp-content\/uploads\/2018\/05\/IMG_2091-200x300.jpg 200w, https:\/\/www.bratislavadesignweek.sk\/wp-content\/uploads\/2018\/05\/IMG_2091-768x1152.jpg 768w, https:\/\/www.bratislavadesignweek.sk\/wp-content\/uploads\/2018\/05\/IMG_2091-683x1024.jpg 683w, https:\/\/www.bratislavadesignweek.sk\/wp-content\/uploads\/2018\/05\/IMG_2091-1280x1920.jpg 1280w\" sizes=\"(max-width: 200px) 100vw, 200px\" \/><\/a> <a href=\"http:\/\/www.bratislavadesignweek.sk\/wp-content\/uploads\/2018\/05\/IMG_2134.jpg\"><img loading=\"lazy\" decoding=\"async\" class=\"alignnone size-medium wp-image-7605\" src=\"http:\/\/www.bratislavadesignweek.sk\/wp-content\/uploads\/2018\/05\/IMG_2134-200x300.jpg\" alt=\"\" width=\"200\" height=\"300\" srcset=\"https:\/\/www.bratislavadesignweek.sk\/wp-content\/uploads\/2018\/05\/IMG_2134-200x300.jpg 200w, https:\/\/www.bratislavadesignweek.sk\/wp-content\/uploads\/2018\/05\/IMG_2134-768x1152.jpg 768w, https:\/\/www.bratislavadesignweek.sk\/wp-content\/uploads\/2018\/05\/IMG_2134-683x1024.jpg 683w, https:\/\/www.bratislavadesignweek.sk\/wp-content\/uploads\/2018\/05\/IMG_2134-1280x1920.jpg 1280w\" sizes=\"(max-width: 200px) 100vw, 200px\" \/><\/a><\/p>\n<p>&nbsp;<\/p>\n<p>[\/vc_column_text]<\/p>","protected":false},"excerpt":{"rendered":"<p>[vc_column_text pb_margin_bottom=&#8220;no&#8220; pb_border_bottom=&#8220;no&#8220; width=&#8220;1\/3&#8243; el_position=&#8220;first&#8220;] Pakta Studio Multidisciplin\u00e1rna zna\u010dka, zameriavaj\u00faca sa na produkciu remeselne vyroben\u00fdch ta\u0161iek a batohov a textiln\u00fa potla\u010d. V\u0161etky produky navrhol a vyrobil mal\u00fd slovensko-anglick\u00fd t\u00edm v Bratislave z ru\u010dne roben\u00fdch hydrof\u00f3bne upraven\u00fdch l\u00e1tok z pr\u00edrodn\u00fdch vl\u00e1kien. Na\u0161ou prioritou je etick\u00e1 produkcia: \u010derp\u00e1me prim\u00e1rne zo slovensk\u00fdch a \u010desk\u00fdch zdrojov a udr\u017eiavame objem [&hellip;]<\/p>","protected":false},"author":8,"featured_media":0,"comment_status":"closed","ping_status":"closed","sticky":false,"template":"","format":"standard","meta":{"footnotes":""},"categories":[634,896,809],"tags":[],"_links":{"self":[{"href":"https:\/\/www.bratislavadesignweek.sk\/en\/wp-json\/wp\/v2\/posts\/7598"}],"collection":[{"href":"https:\/\/www.bratislavadesignweek.sk\/en\/wp-json\/wp\/v2\/posts"}],"about":[{"href":"https:\/\/www.bratislavadesignweek.sk\/en\/wp-json\/wp\/v2\/types\/post"}],"author":[{"embeddable":true,"href":"https:\/\/www.bratislavadesignweek.sk\/en\/wp-json\/wp\/v2\/users\/8"}],"replies":[{"embeddable":true,"href":"https:\/\/www.bratislavadesignweek.sk\/en\/wp-json\/wp\/v2\/comments?post=7598"}],"version-history":[{"count":1,"href":"https:\/\/www.bratislavadesignweek.sk\/en\/wp-json\/wp\/v2\/posts\/7598\/revisions"}],"predecessor-version":[{"id":7607,"href":"https:\/\/www.bratislavadesignweek.sk\/en\/wp-json\/wp\/v2\/posts\/7598\/revisions\/7607"}],"wp:attachment":[{"href":"https:\/\/www.bratislavadesignweek.sk\/en\/wp-json\/wp\/v2\/media?parent=7598"}],"wp:term":[{"taxonomy":"category","embeddable":true,"href":"https:\/\/www.bratislavadesignweek.sk\/en\/wp-json\/wp\/v2\/categories?post=7598"},{"taxonomy":"post_tag","embeddable":true,"href":"https:\/\/www.bratislavadesignweek.sk\/en\/wp-json\/wp\/v2\/tags?post=7598"}],"curies":[{"name":"wp","href":"https:\/\/api.w.org\/{rel}","templated":true}]}}