{"id":7608,"date":"2018-05-04T18:58:18","date_gmt":"2018-05-04T17:58:18","guid":{"rendered":"http:\/\/www.bratislavadesignweek.sk\/?p=7608"},"modified":"2024-09-25T12:23:58","modified_gmt":"2024-09-25T10:23:58","slug":"7608","status":"publish","type":"post","link":"https:\/\/www.bratislavadesignweek.sk\/en\/7608\/","title":{"rendered":"Petra Slov\u00e1kov\u00e1"},"content":{"rendered":"<p>[vc_column_text pb_margin_bottom=&#8220;no&#8220; pb_border_bottom=&#8220;no&#8220; width=&#8220;1\/3&#8243; el_position=&#8220;first&#8220;]<\/p>\n<h2>Petra Slov\u00e1kov\u00e1<\/h2>\n<p>Vodn\u00e1 fajka H\u2082OKA<\/p>\n<p>Vodn\u00e1 fajka, ktor\u00e1 vznikla ako modern\u00e9 vn\u00edmanie trendu zo Stredn\u00e9ho v\u00fdchodu a\u00a0Indie. Rozmerovo kompaktn\u00e1 fajka, \u013eahko \u010distite\u013en\u00e1 a\u00a0odoln\u00e1, v\u00a0sebe sp\u00e1ja tis\u00edcro\u010dn\u00fa trad\u00edciu s\u00a0minimalistick\u00fdm dizajnom modernej doby.<\/p>\n<p>Materi\u00e1ly pou\u017eit\u00e9 vo vodnej fajke s\u00fa sofistikovan\u00e9, s\u00a0oh\u013eadom na zdravotn\u00fa nez\u00e1vadnos\u0165. H\u2082OKA pozost\u00e1va z\u00a0troch hlavn\u00fdch \u010dast\u00ed \u2013 telo fajky, kryt a\u00a0v\u00e1za. Telo, kryt a\u00a0ostatn\u00e9 doplnky s\u00fa vyroben\u00e9 z\u00a0nerezovej ocele, ktor\u00e1 v\u00fdborne odol\u00e1va nielen kor\u00f3zi\u00ed, ale aj vysok\u00fdm teplot\u00e1m, ktor\u00fdm je materi\u00e1l vystaven\u00fd v\u00a0korunke. V\u00e1za je vyroben\u00e1 z\u00a0ru\u010dne f\u00fakan\u00e9ho a\u00a0ekologicky \u010dist\u00e9ho kri\u0161t\u00e1\u013eu bez pridania olova.<\/p>\n<p>&nbsp;<\/p>\n<p>[\/vc_column_text] [vc_column_text pb_margin_bottom=&#8220;no&#8220; pb_border_bottom=&#8220;no&#8220; width=&#8220;1\/2&#8243; el_position=&#8220;last&#8220;]<\/p>\n<p><a href=\"http:\/\/www.bratislavadesignweek.sk\/wp-content\/uploads\/2018\/05\/render4.jpg\"><img fetchpriority=\"high\" decoding=\"async\" class=\"alignnone size-medium wp-image-7610\" src=\"http:\/\/www.bratislavadesignweek.sk\/wp-content\/uploads\/2018\/05\/render4-300x244.jpg\" alt=\"\" width=\"300\" height=\"244\" srcset=\"https:\/\/www.bratislavadesignweek.sk\/wp-content\/uploads\/2018\/05\/render4-300x244.jpg 300w, https:\/\/www.bratislavadesignweek.sk\/wp-content\/uploads\/2018\/05\/render4-768x624.jpg 768w, https:\/\/www.bratislavadesignweek.sk\/wp-content\/uploads\/2018\/05\/render4-1024x832.jpg 1024w, https:\/\/www.bratislavadesignweek.sk\/wp-content\/uploads\/2018\/05\/render4-1280x1041.jpg 1280w\" sizes=\"(max-width: 300px) 100vw, 300px\" \/><\/a><\/p>\n<p>[\/vc_column_text]<\/p>","protected":false},"excerpt":{"rendered":"<p>[vc_column_text pb_margin_bottom=&#8220;no&#8220; pb_border_bottom=&#8220;no&#8220; width=&#8220;1\/3&#8243; el_position=&#8220;first&#8220;] Petra Slov\u00e1kov\u00e1 Vodn\u00e1 fajka H\u2082OKA Vodn\u00e1 fajka, ktor\u00e1 vznikla ako modern\u00e9 vn\u00edmanie trendu zo Stredn\u00e9ho v\u00fdchodu a\u00a0Indie. Rozmerovo kompaktn\u00e1 fajka, \u013eahko \u010distite\u013en\u00e1 a\u00a0odoln\u00e1, v\u00a0sebe sp\u00e1ja tis\u00edcro\u010dn\u00fa trad\u00edciu s\u00a0minimalistick\u00fdm dizajnom modernej doby. Materi\u00e1ly pou\u017eit\u00e9 vo vodnej fajke s\u00fa sofistikovan\u00e9, s\u00a0oh\u013eadom na zdravotn\u00fa nez\u00e1vadnos\u0165. H\u2082OKA pozost\u00e1va z\u00a0troch hlavn\u00fdch \u010dast\u00ed \u2013 telo fajky, [&hellip;]<\/p>","protected":false},"author":8,"featured_media":0,"comment_status":"closed","ping_status":"closed","sticky":false,"template":"","format":"standard","meta":{"footnotes":""},"categories":[634,896,809],"tags":[],"_links":{"self":[{"href":"https:\/\/www.bratislavadesignweek.sk\/en\/wp-json\/wp\/v2\/posts\/7608"}],"collection":[{"href":"https:\/\/www.bratislavadesignweek.sk\/en\/wp-json\/wp\/v2\/posts"}],"about":[{"href":"https:\/\/www.bratislavadesignweek.sk\/en\/wp-json\/wp\/v2\/types\/post"}],"author":[{"embeddable":true,"href":"https:\/\/www.bratislavadesignweek.sk\/en\/wp-json\/wp\/v2\/users\/8"}],"replies":[{"embeddable":true,"href":"https:\/\/www.bratislavadesignweek.sk\/en\/wp-json\/wp\/v2\/comments?post=7608"}],"version-history":[{"count":2,"href":"https:\/\/www.bratislavadesignweek.sk\/en\/wp-json\/wp\/v2\/posts\/7608\/revisions"}],"predecessor-version":[{"id":7613,"href":"https:\/\/www.bratislavadesignweek.sk\/en\/wp-json\/wp\/v2\/posts\/7608\/revisions\/7613"}],"wp:attachment":[{"href":"https:\/\/www.bratislavadesignweek.sk\/en\/wp-json\/wp\/v2\/media?parent=7608"}],"wp:term":[{"taxonomy":"category","embeddable":true,"href":"https:\/\/www.bratislavadesignweek.sk\/en\/wp-json\/wp\/v2\/categories?post=7608"},{"taxonomy":"post_tag","embeddable":true,"href":"https:\/\/www.bratislavadesignweek.sk\/en\/wp-json\/wp\/v2\/tags?post=7608"}],"curies":[{"name":"wp","href":"https:\/\/api.w.org\/{rel}","templated":true}]}}