{"id":7622,"date":"2018-05-07T15:23:43","date_gmt":"2018-05-07T14:23:43","guid":{"rendered":"http:\/\/www.bratislavadesignweek.sk\/?p=7622"},"modified":"2024-09-25T12:23:58","modified_gmt":"2024-09-25T10:23:58","slug":"bublina","status":"publish","type":"post","link":"https:\/\/www.bratislavadesignweek.sk\/en\/bublina\/","title":{"rendered":"BUBLINA"},"content":{"rendered":"<p>[vc_column_text pb_margin_bottom=&#8220;no&#8220; pb_border_bottom=&#8220;no&#8220; width=&#8220;1\/3&#8243; el_position=&#8220;first&#8220;]<\/p>\n<p>&nbsp;<\/p>\n<h2>BUBLINA<\/h2>\n<h5>Nov\u00fd detsk\u00fd \u010dasopis pln\u00fd dobr\u00fdch vec\u00ed od slovensk\u00fdch autorov.<\/h5>\n<p>&#8222;Je ur\u010den\u00fd pre deti vo veku pribli\u017ene \u0161es\u0165 a\u017e desa\u0165 rokov. Prin\u00e1\u0161a aktu\u00e1lne t\u00e9my doby v ktorej \u017eijeme. Od hudby, \u0161portu, ekol\u00f3gie, vedy a hist\u00f3rie, po pou\u010dn\u00e9 a vtipn\u00e9 komixy, aktivity a hry. Do \u010dasopisu prispievaj\u00fa kvalitn\u00ed slovensk\u00ed autori, ako napr\u00edklad Krist\u00edna Farka\u0161ov\u00e1, Samo Marec, Oliver Reh\u00e1k, Samo Trnka, Tom\u00e1\u0161 Hud\u00e1k, Daniel Hevier ml., \u010di Zuzana Li\u0161kov\u00e1 a kreslia vychyten\u00ed slovensk\u00ed ilustr\u00e1tori: Barbora Idesov\u00e1, Petra Lukovicsov\u00e1, M\u00e1ria Kralovi\u010d, Michaela Mihalyiov\u00e1, Mi\u0161o Lowi, Ivana \u0160\u00e1tekov\u00e1, \u010di Bro\u0148a Schragge a mnoh\u00ed \u010fal\u0161\u00ed. \u010casopis je kr\u00e1sny, farebn\u00fd, pln\u00fd super vec\u00ed. Je roben\u00fd s l\u00e1skou a hlavne dobr\u00fdm vkusom. M\u00e1 deti formova\u0165, in\u0161pirova\u0165 k b\u00e1daniu, sn\u00edvaniu, sk\u00fa\u0161aniu a prin\u00e1\u0161a ve\u013ea smiechu a z\u00e1bavy.&#8220;<\/p>\n<p>Autori \u010dasopisu pripravia aj workshop na t\u00e9mu &#8222;M\u00f4j komixov\u00fd hrdina&#8220;<\/p>\n<p>&nbsp;<\/p>\n<p>[\/vc_column_text] [vc_column_text pb_margin_bottom=&#8220;no&#8220; pb_border_bottom=&#8220;no&#8220; width=&#8220;1\/2&#8243; el_position=&#8220;last&#8220;]<\/p>\n<p>&nbsp;<\/p>\n<p><a href=\"http:\/\/www.bratislavadesignweek.sk\/wp-content\/uploads\/2018\/05\/4CASAKY.jpg\"><img fetchpriority=\"high\" decoding=\"async\" class=\"alignnone size-medium wp-image-7627\" src=\"http:\/\/www.bratislavadesignweek.sk\/wp-content\/uploads\/2018\/05\/4CASAKY-300x252.jpg\" alt=\"\" width=\"300\" height=\"252\" srcset=\"https:\/\/www.bratislavadesignweek.sk\/wp-content\/uploads\/2018\/05\/4CASAKY-300x252.jpg 300w, https:\/\/www.bratislavadesignweek.sk\/wp-content\/uploads\/2018\/05\/4CASAKY-768x646.jpg 768w, https:\/\/www.bratislavadesignweek.sk\/wp-content\/uploads\/2018\/05\/4CASAKY-1024x862.jpg 1024w, https:\/\/www.bratislavadesignweek.sk\/wp-content\/uploads\/2018\/05\/4CASAKY-1280x1077.jpg 1280w\" sizes=\"(max-width: 300px) 100vw, 300px\" \/><\/a> <a href=\"http:\/\/www.bratislavadesignweek.sk\/wp-content\/uploads\/2018\/05\/Bublina4_slovensko.jpg\"><img decoding=\"async\" class=\"alignnone size-medium wp-image-7626\" src=\"http:\/\/www.bratislavadesignweek.sk\/wp-content\/uploads\/2018\/05\/Bublina4_slovensko-300x225.jpg\" alt=\"\" width=\"300\" height=\"225\" srcset=\"https:\/\/www.bratislavadesignweek.sk\/wp-content\/uploads\/2018\/05\/Bublina4_slovensko-300x225.jpg 300w, https:\/\/www.bratislavadesignweek.sk\/wp-content\/uploads\/2018\/05\/Bublina4_slovensko-768x576.jpg 768w, https:\/\/www.bratislavadesignweek.sk\/wp-content\/uploads\/2018\/05\/Bublina4_slovensko-1024x768.jpg 1024w, https:\/\/www.bratislavadesignweek.sk\/wp-content\/uploads\/2018\/05\/Bublina4_slovensko-94x70.jpg 94w, https:\/\/www.bratislavadesignweek.sk\/wp-content\/uploads\/2018\/05\/Bublina4_slovensko-600x450.jpg 600w, https:\/\/www.bratislavadesignweek.sk\/wp-content\/uploads\/2018\/05\/Bublina4_slovensko-900x675.jpg 900w, https:\/\/www.bratislavadesignweek.sk\/wp-content\/uploads\/2018\/05\/Bublina4_slovensko-1280x960.jpg 1280w, https:\/\/www.bratislavadesignweek.sk\/wp-content\/uploads\/2018\/05\/Bublina4_slovensko.jpg 1890w\" sizes=\"(max-width: 300px) 100vw, 300px\" \/><\/a> <a href=\"http:\/\/www.bratislavadesignweek.sk\/wp-content\/uploads\/2018\/05\/Bublina4_pokus.jpg\"><img decoding=\"async\" class=\"alignnone size-medium wp-image-7625\" src=\"http:\/\/www.bratislavadesignweek.sk\/wp-content\/uploads\/2018\/05\/Bublina4_pokus-300x225.jpg\" alt=\"\" width=\"300\" height=\"225\" srcset=\"https:\/\/www.bratislavadesignweek.sk\/wp-content\/uploads\/2018\/05\/Bublina4_pokus-300x225.jpg 300w, https:\/\/www.bratislavadesignweek.sk\/wp-content\/uploads\/2018\/05\/Bublina4_pokus-768x576.jpg 768w, https:\/\/www.bratislavadesignweek.sk\/wp-content\/uploads\/2018\/05\/Bublina4_pokus-1024x768.jpg 1024w, https:\/\/www.bratislavadesignweek.sk\/wp-content\/uploads\/2018\/05\/Bublina4_pokus-94x70.jpg 94w, https:\/\/www.bratislavadesignweek.sk\/wp-content\/uploads\/2018\/05\/Bublina4_pokus-600x450.jpg 600w, https:\/\/www.bratislavadesignweek.sk\/wp-content\/uploads\/2018\/05\/Bublina4_pokus-900x675.jpg 900w, https:\/\/www.bratislavadesignweek.sk\/wp-content\/uploads\/2018\/05\/Bublina4_pokus-1280x960.jpg 1280w, https:\/\/www.bratislavadesignweek.sk\/wp-content\/uploads\/2018\/05\/Bublina4_pokus.jpg 1890w\" sizes=\"(max-width: 300px) 100vw, 300px\" \/><\/a> <a href=\"http:\/\/www.bratislavadesignweek.sk\/wp-content\/uploads\/2018\/05\/Bublina4_konik.jpg\"><img loading=\"lazy\" decoding=\"async\" class=\"alignnone size-medium wp-image-7624\" src=\"http:\/\/www.bratislavadesignweek.sk\/wp-content\/uploads\/2018\/05\/Bublina4_konik-300x225.jpg\" alt=\"\" width=\"300\" height=\"225\" srcset=\"https:\/\/www.bratislavadesignweek.sk\/wp-content\/uploads\/2018\/05\/Bublina4_konik-300x225.jpg 300w, https:\/\/www.bratislavadesignweek.sk\/wp-content\/uploads\/2018\/05\/Bublina4_konik-768x576.jpg 768w, https:\/\/www.bratislavadesignweek.sk\/wp-content\/uploads\/2018\/05\/Bublina4_konik-1024x768.jpg 1024w, https:\/\/www.bratislavadesignweek.sk\/wp-content\/uploads\/2018\/05\/Bublina4_konik-94x70.jpg 94w, https:\/\/www.bratislavadesignweek.sk\/wp-content\/uploads\/2018\/05\/Bublina4_konik-600x450.jpg 600w, https:\/\/www.bratislavadesignweek.sk\/wp-content\/uploads\/2018\/05\/Bublina4_konik-900x675.jpg 900w, https:\/\/www.bratislavadesignweek.sk\/wp-content\/uploads\/2018\/05\/Bublina4_konik-1280x960.jpg 1280w, https:\/\/www.bratislavadesignweek.sk\/wp-content\/uploads\/2018\/05\/Bublina4_konik.jpg 1890w\" sizes=\"(max-width: 300px) 100vw, 300px\" \/><\/a><\/p>\n<p>&nbsp;<\/p>\n<p>[\/vc_column_text]<\/p>","protected":false},"excerpt":{"rendered":"<p>[vc_column_text pb_margin_bottom=&#8220;no&#8220; pb_border_bottom=&#8220;no&#8220; width=&#8220;1\/3&#8243; el_position=&#8220;first&#8220;] &nbsp; BUBLINA Nov\u00fd detsk\u00fd \u010dasopis pln\u00fd dobr\u00fdch vec\u00ed od slovensk\u00fdch autorov. &#8222;Je ur\u010den\u00fd pre deti vo veku pribli\u017ene \u0161es\u0165 a\u017e desa\u0165 rokov. Prin\u00e1\u0161a aktu\u00e1lne t\u00e9my doby v ktorej \u017eijeme. Od hudby, \u0161portu, ekol\u00f3gie, vedy a hist\u00f3rie, po pou\u010dn\u00e9 a vtipn\u00e9 komixy, aktivity a hry. Do \u010dasopisu prispievaj\u00fa kvalitn\u00ed slovensk\u00ed autori, [&hellip;]<\/p>","protected":false},"author":8,"featured_media":0,"comment_status":"closed","ping_status":"closed","sticky":false,"template":"","format":"standard","meta":{"footnotes":""},"categories":[634,896,809],"tags":[],"_links":{"self":[{"href":"https:\/\/www.bratislavadesignweek.sk\/en\/wp-json\/wp\/v2\/posts\/7622"}],"collection":[{"href":"https:\/\/www.bratislavadesignweek.sk\/en\/wp-json\/wp\/v2\/posts"}],"about":[{"href":"https:\/\/www.bratislavadesignweek.sk\/en\/wp-json\/wp\/v2\/types\/post"}],"author":[{"embeddable":true,"href":"https:\/\/www.bratislavadesignweek.sk\/en\/wp-json\/wp\/v2\/users\/8"}],"replies":[{"embeddable":true,"href":"https:\/\/www.bratislavadesignweek.sk\/en\/wp-json\/wp\/v2\/comments?post=7622"}],"version-history":[{"count":2,"href":"https:\/\/www.bratislavadesignweek.sk\/en\/wp-json\/wp\/v2\/posts\/7622\/revisions"}],"predecessor-version":[{"id":7631,"href":"https:\/\/www.bratislavadesignweek.sk\/en\/wp-json\/wp\/v2\/posts\/7622\/revisions\/7631"}],"wp:attachment":[{"href":"https:\/\/www.bratislavadesignweek.sk\/en\/wp-json\/wp\/v2\/media?parent=7622"}],"wp:term":[{"taxonomy":"category","embeddable":true,"href":"https:\/\/www.bratislavadesignweek.sk\/en\/wp-json\/wp\/v2\/categories?post=7622"},{"taxonomy":"post_tag","embeddable":true,"href":"https:\/\/www.bratislavadesignweek.sk\/en\/wp-json\/wp\/v2\/tags?post=7622"}],"curies":[{"name":"wp","href":"https:\/\/api.w.org\/{rel}","templated":true}]}}