{"id":7632,"date":"2018-05-07T16:57:30","date_gmt":"2018-05-07T15:57:30","guid":{"rendered":"http:\/\/www.bratislavadesignweek.sk\/?p=7632"},"modified":"2024-09-25T12:23:58","modified_gmt":"2024-09-25T10:23:58","slug":"biela","status":"publish","type":"post","link":"https:\/\/www.bratislavadesignweek.sk\/en\/biela\/","title":{"rendered":"Biela"},"content":{"rendered":"<p>[vc_column_text pb_margin_bottom=&#8220;no&#8220; pb_border_bottom=&#8220;no&#8220; width=&#8220;1\/3&#8243; el_position=&#8220;first&#8220;]<\/p>\n<h2>BIELA<\/h2>\n<p>Biela bola zalo\u017een\u00e1 v roku 2017 ako zna\u010dka prezentuj\u00faca ko\u0161ele v\u00fdlu\u010dne v\u00a0r\u00f4znych odtie\u0148och bielej farby.<\/p>\n<p>V r\u00e1mci tvoriv\u00e9ho t\u00edmu ver\u00edme, \u017ee menej je viac, a\u00a0preto, na\u0161\u00edm hlavn\u00fdm z\u00e1merom je udr\u017eiava\u0165 minimalizmus, \u010distotu, jednoduchos\u0165 a nad\u010dasovos\u0165 v\u00a0ka\u017edodennom \u017eivote. Dizajn zna\u010dky prin\u00e1\u0161a komfortn\u00fd z\u00e1\u017eitok v\u010faka kombin\u00e1cii sofistikovan\u00fdch pevn\u00fdch materi\u00e1lov a\u00a0stroh\u00fdch, av\u0161ak z\u00e1rove\u0148 vo\u013en\u00fdch tvarov. Jemnos\u0165 farby \u00a0sa prel\u00edna s\u00a0ostr\u00fdm r\u00e1zom ko\u0161ele. Ve\u013ekou podstatou identity zna\u010dky je husto tkan\u00e1 nefarben\u00e1 bavlna, ktorej \u00falohou je udr\u017eate\u013enos\u0165, spo\u013eahlivos\u0165 a dlhodob\u00e1\u00a0odolnos\u0165. Prv\u00e1 kolekcia zna\u010dky je in\u0161pirovan\u00e1 geometrick\u00fdmi \u00a0tvarmi transformovan\u00fdmi \u010di u\u017e do zjavnej podoby vreciek, v\u00fdstrihov, ale aj rovnako\u00a0menej v\u00fdrazn\u00fdch detailov ako zap\u00ednanie.<\/p>\n<p>BIELA taktie\u017e prin\u00e1\u0161a \u00faprimn\u00fa kvalitu prevedenia, \u010do pod\u010diarkuje \u0161pecifickos\u0165 ko\u0161ele.<\/p>\n<p>[\/vc_column_text] [vc_column_text pb_margin_bottom=&#8220;no&#8220; pb_border_bottom=&#8220;no&#8220; width=&#8220;1\/2&#8243; el_position=&#8220;last&#8220;]<\/p>\n<p>&nbsp;<\/p>\n<p><a href=\"http:\/\/www.bratislavadesignweek.sk\/wp-content\/uploads\/2018\/05\/BADW_biela4.jpeg\"><img fetchpriority=\"high\" decoding=\"async\" class=\"alignnone size-medium wp-image-7636\" src=\"http:\/\/www.bratislavadesignweek.sk\/wp-content\/uploads\/2018\/05\/BADW_biela4-200x300.jpeg\" alt=\"\" width=\"200\" height=\"300\" srcset=\"https:\/\/www.bratislavadesignweek.sk\/wp-content\/uploads\/2018\/05\/BADW_biela4-200x300.jpeg 200w, https:\/\/www.bratislavadesignweek.sk\/wp-content\/uploads\/2018\/05\/BADW_biela4-768x1151.jpeg 768w, https:\/\/www.bratislavadesignweek.sk\/wp-content\/uploads\/2018\/05\/BADW_biela4-683x1024.jpeg 683w, https:\/\/www.bratislavadesignweek.sk\/wp-content\/uploads\/2018\/05\/BADW_biela4.jpeg 854w\" sizes=\"(max-width: 200px) 100vw, 200px\" \/><\/a> <a href=\"http:\/\/www.bratislavadesignweek.sk\/wp-content\/uploads\/2018\/05\/BADW_biela1.jpeg\"><img decoding=\"async\" class=\"alignnone size-medium wp-image-7633\" src=\"http:\/\/www.bratislavadesignweek.sk\/wp-content\/uploads\/2018\/05\/BADW_biela1-200x300.jpeg\" alt=\"\" width=\"200\" height=\"300\" srcset=\"https:\/\/www.bratislavadesignweek.sk\/wp-content\/uploads\/2018\/05\/BADW_biela1-200x300.jpeg 200w, https:\/\/www.bratislavadesignweek.sk\/wp-content\/uploads\/2018\/05\/BADW_biela1-768x1151.jpeg 768w, https:\/\/www.bratislavadesignweek.sk\/wp-content\/uploads\/2018\/05\/BADW_biela1-683x1024.jpeg 683w, https:\/\/www.bratislavadesignweek.sk\/wp-content\/uploads\/2018\/05\/BADW_biela1.jpeg 854w\" sizes=\"(max-width: 200px) 100vw, 200px\" \/><\/a> <a href=\"http:\/\/www.bratislavadesignweek.sk\/wp-content\/uploads\/2018\/05\/BADW_biela2.jpeg\"><img decoding=\"async\" class=\"alignnone size-medium wp-image-7634\" src=\"http:\/\/www.bratislavadesignweek.sk\/wp-content\/uploads\/2018\/05\/BADW_biela2-200x300.jpeg\" alt=\"\" width=\"200\" height=\"300\" srcset=\"https:\/\/www.bratislavadesignweek.sk\/wp-content\/uploads\/2018\/05\/BADW_biela2-200x300.jpeg 200w, https:\/\/www.bratislavadesignweek.sk\/wp-content\/uploads\/2018\/05\/BADW_biela2-768x1151.jpeg 768w, https:\/\/www.bratislavadesignweek.sk\/wp-content\/uploads\/2018\/05\/BADW_biela2-683x1024.jpeg 683w, https:\/\/www.bratislavadesignweek.sk\/wp-content\/uploads\/2018\/05\/BADW_biela2.jpeg 854w\" sizes=\"(max-width: 200px) 100vw, 200px\" \/><\/a><\/p>\n<p>&nbsp;<\/p>\n<p>[\/vc_column_text]<\/p>","protected":false},"excerpt":{"rendered":"<p>[vc_column_text pb_margin_bottom=&#8220;no&#8220; pb_border_bottom=&#8220;no&#8220; width=&#8220;1\/3&#8243; el_position=&#8220;first&#8220;] BIELA Biela bola zalo\u017een\u00e1 v roku 2017 ako zna\u010dka prezentuj\u00faca ko\u0161ele v\u00fdlu\u010dne v\u00a0r\u00f4znych odtie\u0148och bielej farby. V r\u00e1mci tvoriv\u00e9ho t\u00edmu ver\u00edme, \u017ee menej je viac, a\u00a0preto, na\u0161\u00edm hlavn\u00fdm z\u00e1merom je udr\u017eiava\u0165 minimalizmus, \u010distotu, jednoduchos\u0165 a nad\u010dasovos\u0165 v\u00a0ka\u017edodennom \u017eivote. Dizajn zna\u010dky prin\u00e1\u0161a komfortn\u00fd z\u00e1\u017eitok v\u010faka kombin\u00e1cii sofistikovan\u00fdch pevn\u00fdch materi\u00e1lov a\u00a0stroh\u00fdch, av\u0161ak [&hellip;]<\/p>","protected":false},"author":8,"featured_media":0,"comment_status":"closed","ping_status":"closed","sticky":false,"template":"","format":"standard","meta":{"footnotes":""},"categories":[634,896,809],"tags":[],"_links":{"self":[{"href":"https:\/\/www.bratislavadesignweek.sk\/en\/wp-json\/wp\/v2\/posts\/7632"}],"collection":[{"href":"https:\/\/www.bratislavadesignweek.sk\/en\/wp-json\/wp\/v2\/posts"}],"about":[{"href":"https:\/\/www.bratislavadesignweek.sk\/en\/wp-json\/wp\/v2\/types\/post"}],"author":[{"embeddable":true,"href":"https:\/\/www.bratislavadesignweek.sk\/en\/wp-json\/wp\/v2\/users\/8"}],"replies":[{"embeddable":true,"href":"https:\/\/www.bratislavadesignweek.sk\/en\/wp-json\/wp\/v2\/comments?post=7632"}],"version-history":[{"count":1,"href":"https:\/\/www.bratislavadesignweek.sk\/en\/wp-json\/wp\/v2\/posts\/7632\/revisions"}],"predecessor-version":[{"id":7637,"href":"https:\/\/www.bratislavadesignweek.sk\/en\/wp-json\/wp\/v2\/posts\/7632\/revisions\/7637"}],"wp:attachment":[{"href":"https:\/\/www.bratislavadesignweek.sk\/en\/wp-json\/wp\/v2\/media?parent=7632"}],"wp:term":[{"taxonomy":"category","embeddable":true,"href":"https:\/\/www.bratislavadesignweek.sk\/en\/wp-json\/wp\/v2\/categories?post=7632"},{"taxonomy":"post_tag","embeddable":true,"href":"https:\/\/www.bratislavadesignweek.sk\/en\/wp-json\/wp\/v2\/tags?post=7632"}],"curies":[{"name":"wp","href":"https:\/\/api.w.org\/{rel}","templated":true}]}}