{"id":7638,"date":"2018-05-08T11:00:09","date_gmt":"2018-05-08T10:00:09","guid":{"rendered":"http:\/\/www.bratislavadesignweek.sk\/?p=7638"},"modified":"2024-09-25T12:23:58","modified_gmt":"2024-09-25T10:23:58","slug":"7638","status":"publish","type":"post","link":"https:\/\/www.bratislavadesignweek.sk\/en\/7638\/","title":{"rendered":"Maja Bozovic"},"content":{"rendered":"<p>[vc_column_text pb_margin_bottom=&#8220;no&#8220; pb_border_bottom=&#8220;no&#8220; width=&#8220;1\/3&#8243; el_position=&#8220;first&#8220;]<\/p>\n<p>&nbsp;<\/p>\n<h2>\u00a0Maja Bozovic<\/h2>\n<div><\/div>\n<div>&#8222;Odevn\u00e1 kolekcia <strong>Overview<\/strong> odzrkad\u013euje vlastn\u00fa percepciu pocitov o identite slovenskej kult\u00fary s ktorou som sa stretla pred 10 rokmi, a kde s\u00fa\u010dasne \u017eijem a p\u00f4sob\u00edm. Jedna z hlavn\u00fdch ideov\u00fdch in\u0161pir\u00e1ci\u00ed k tejto t\u00e9me je pr\u00e1ca slovensk\u00e9ho soch\u00e1ra \u0160tefana Pap\u010da a jeho v\u00fdstava Psyho-vertical. K\u013e\u00fa\u010dov\u00e9 slov\u00e1 v kolekcii s\u00fa du\u0161evnos\u0165, fyzick\u00fd v\u00fdkon, diagon\u00e1la, vertik\u00e1la, pr\u00edroda. Vo vlastnom diele chcem spoji\u0165 tieto pojmy a implementova\u0165 ich cez techniku zero waste. Odevn\u00e9 siluety bud\u00fa geometrick\u00fdch strihov \u010do umo\u017e\u0148uje minim\u00e1lny, takmer \u017eiadny odpad. Pomocou s\u0165ahovania a vlnenia menia svoj tvar a charakter. Tak\u00fd odev predstavuje formu experiment\u00e1lneho odevn\u00e9ho dizajnu, ktor\u00fd pos\u00fava hranice konven\u010dn\u00e9ho strihu a\u00a0siluety.&#8220;<\/div>\n<div><\/div>\n<p><a href=\"http:\/\/www.majabozovicstudio.com\/\">http:\/\/www.majabozovicstudio.com\/<\/a><\/p>\n<p>[\/vc_column_text] [vc_column_text pb_margin_bottom=&#8220;no&#8220; pb_border_bottom=&#8220;no&#8220; width=&#8220;1\/2&#8243; el_position=&#8220;last&#8220;]<\/p>\n<p>&nbsp;<\/p>\n<p>&nbsp;<\/p>\n<p>&nbsp;<\/p>\n<p>[\/vc_column_text]<\/p>","protected":false},"excerpt":{"rendered":"<p>[vc_column_text pb_margin_bottom=&#8220;no&#8220; pb_border_bottom=&#8220;no&#8220; width=&#8220;1\/3&#8243; el_position=&#8220;first&#8220;] &nbsp; \u00a0Maja Bozovic &#8222;Odevn\u00e1 kolekcia Overview odzrkad\u013euje vlastn\u00fa percepciu pocitov o identite slovenskej kult\u00fary s ktorou som sa stretla pred 10 rokmi, a kde s\u00fa\u010dasne \u017eijem a p\u00f4sob\u00edm. Jedna z hlavn\u00fdch ideov\u00fdch in\u0161pir\u00e1ci\u00ed k tejto t\u00e9me je pr\u00e1ca slovensk\u00e9ho soch\u00e1ra \u0160tefana Pap\u010da a jeho v\u00fdstava Psyho-vertical. K\u013e\u00fa\u010dov\u00e9 slov\u00e1 v kolekcii [&hellip;]<\/p>","protected":false},"author":8,"featured_media":7863,"comment_status":"closed","ping_status":"closed","sticky":false,"template":"","format":"standard","meta":{"footnotes":""},"categories":[634,896,809],"tags":[],"_links":{"self":[{"href":"https:\/\/www.bratislavadesignweek.sk\/en\/wp-json\/wp\/v2\/posts\/7638"}],"collection":[{"href":"https:\/\/www.bratislavadesignweek.sk\/en\/wp-json\/wp\/v2\/posts"}],"about":[{"href":"https:\/\/www.bratislavadesignweek.sk\/en\/wp-json\/wp\/v2\/types\/post"}],"author":[{"embeddable":true,"href":"https:\/\/www.bratislavadesignweek.sk\/en\/wp-json\/wp\/v2\/users\/8"}],"replies":[{"embeddable":true,"href":"https:\/\/www.bratislavadesignweek.sk\/en\/wp-json\/wp\/v2\/comments?post=7638"}],"version-history":[{"count":5,"href":"https:\/\/www.bratislavadesignweek.sk\/en\/wp-json\/wp\/v2\/posts\/7638\/revisions"}],"predecessor-version":[{"id":7866,"href":"https:\/\/www.bratislavadesignweek.sk\/en\/wp-json\/wp\/v2\/posts\/7638\/revisions\/7866"}],"wp:featuredmedia":[{"embeddable":true,"href":"https:\/\/www.bratislavadesignweek.sk\/en\/wp-json\/wp\/v2\/media\/7863"}],"wp:attachment":[{"href":"https:\/\/www.bratislavadesignweek.sk\/en\/wp-json\/wp\/v2\/media?parent=7638"}],"wp:term":[{"taxonomy":"category","embeddable":true,"href":"https:\/\/www.bratislavadesignweek.sk\/en\/wp-json\/wp\/v2\/categories?post=7638"},{"taxonomy":"post_tag","embeddable":true,"href":"https:\/\/www.bratislavadesignweek.sk\/en\/wp-json\/wp\/v2\/tags?post=7638"}],"curies":[{"name":"wp","href":"https:\/\/api.w.org\/{rel}","templated":true}]}}