{"id":7710,"date":"2018-05-09T19:04:29","date_gmt":"2018-05-09T18:04:29","guid":{"rendered":"http:\/\/www.bratislavadesignweek.sk\/?p=7710"},"modified":"2024-09-25T12:23:58","modified_gmt":"2024-09-25T10:23:58","slug":"beata-gerbocova","status":"publish","type":"post","link":"https:\/\/www.bratislavadesignweek.sk\/en\/beata-gerbocova\/","title":{"rendered":"Be\u00e1ta Gerb\u00f3cov\u00e1"},"content":{"rendered":"<p>[vc_column_text pb_margin_bottom=&#8220;no&#8220; pb_border_bottom=&#8220;no&#8220; width=&#8220;1\/3&#8243; el_position=&#8220;first&#8220;]<\/p>\n<h2>Be\u00e1ta Gerb\u00f3cov\u00e1<\/h2>\n<p>\u201eMala\u00a0som k dispoz\u00edcii 3 stoli\u010dky- bielu, \u010derven\u00fa a \u010diernu. P\u00e1vie ok\u00e1 a ich v\u00fdrazn\u00e1 farebnos\u0165 mi evokovali 3 r\u00f4zne \u017eensk\u00e9 charaktery, ktor\u00e9 som pracovne pomenovala &#8211; Biela &#8211; &#8222;Ne\u017en\u00e1&#8220;, \u010dierna &#8211; &#8222;No\u010dn\u00e1 kr\u00e1ska&#8220; a \u010derven\u00e1 -&#8222;Rock star&#8220;.\u00a0 T\u00fdmto n\u00e1zvom som vytvorila dez\u00e9ny, ktor\u00e9 vystihovali 3 \u017eensk\u00e9 osobnosti. Rozhodli sme sa nepracova\u0165 komer\u010dn\u00fdm sp\u00f4sobom. Dovolila som si teda pracova\u0165 s dez\u00e9nom tkaniny vo\u013ene, bez nutn\u00e9ho raportovania (opakovanie vzoru) a mot\u00edv som prisp\u00f4sobila tvaru sedacej \u010dasti stoli\u010dky. St\u00e1le som mala na mysli, \u017ee \u010dal\u00fanen\u00e9 \u010dasti by mali stoli\u010dk\u00e1m doda\u0165 osobit\u00fd \u017eensk\u00fd \u0161t\u00fdl. Text\u00edlie som vytkala na digit\u00e1lnych krosn\u00e1ch a pri \u0161it\u00ed sed\u00e1kov som vyu\u017eila aj strapce, ktor\u00e9 s\u00fa prirodzenou s\u00fa\u010das\u0165ou tkaniny a vznikli priamo z osnovy. So strapcami takisto ako s vol\u00e1nom a \u010fal\u0161\u00edmi ozdobn\u00fdmi elementmi som od za\u010diatku r\u00e1tala ako s rovnocenn\u00fdm v\u00fdtvarn\u00fdm prvkom, ktor\u00fd by podtrhol m\u00f4j z\u00e1mer stoli\u010dky personifikova\u0165 a da\u0165 im ve\u013emi konkr\u00e9tny charakter.\u201c<\/p>\n<p>S\u00e9ria textiln\u00fdch sed\u00e1kov pre kolekciu stoli\u010diek vznikla v spolupr\u00e1ci s dizajn\u00e9rom Michalom Sta\u0161kom.<\/p>\n<p>&nbsp;<\/p>\n<p>[\/vc_column_text] [vc_column_text pb_margin_bottom=&#8220;no&#8220; pb_border_bottom=&#8220;no&#8220; width=&#8220;1\/2&#8243; el_position=&#8220;last&#8220;]<\/p>\n<p>&nbsp;<\/p>\n<p><a href=\"http:\/\/www.bratislavadesignweek.sk\/wp-content\/uploads\/2018\/05\/poslat1.jpg\"><img fetchpriority=\"high\" decoding=\"async\" class=\"alignnone size-medium wp-image-7711\" src=\"http:\/\/www.bratislavadesignweek.sk\/wp-content\/uploads\/2018\/05\/poslat1-300x206.jpg\" alt=\"\" width=\"300\" height=\"206\" srcset=\"https:\/\/www.bratislavadesignweek.sk\/wp-content\/uploads\/2018\/05\/poslat1-300x206.jpg 300w, https:\/\/www.bratislavadesignweek.sk\/wp-content\/uploads\/2018\/05\/poslat1-768x526.jpg 768w, https:\/\/www.bratislavadesignweek.sk\/wp-content\/uploads\/2018\/05\/poslat1-1024x702.jpg 1024w, https:\/\/www.bratislavadesignweek.sk\/wp-content\/uploads\/2018\/05\/poslat1-220x150.jpg 220w, https:\/\/www.bratislavadesignweek.sk\/wp-content\/uploads\/2018\/05\/poslat1-1280x877.jpg 1280w\" sizes=\"(max-width: 300px) 100vw, 300px\" \/><\/a> <a href=\"http:\/\/www.bratislavadesignweek.sk\/wp-content\/uploads\/2018\/05\/poslat2.jpg\"><img decoding=\"async\" class=\"alignnone size-medium wp-image-7712\" src=\"http:\/\/www.bratislavadesignweek.sk\/wp-content\/uploads\/2018\/05\/poslat2-300x159.jpg\" alt=\"\" width=\"300\" height=\"159\" srcset=\"https:\/\/www.bratislavadesignweek.sk\/wp-content\/uploads\/2018\/05\/poslat2-300x159.jpg 300w, https:\/\/www.bratislavadesignweek.sk\/wp-content\/uploads\/2018\/05\/poslat2-768x406.jpg 768w, https:\/\/www.bratislavadesignweek.sk\/wp-content\/uploads\/2018\/05\/poslat2-1024x542.jpg 1024w, https:\/\/www.bratislavadesignweek.sk\/wp-content\/uploads\/2018\/05\/poslat2-1280x677.jpg 1280w\" sizes=\"(max-width: 300px) 100vw, 300px\" \/><\/a><\/p>\n<p>&nbsp;<\/p>\n<p>[\/vc_column_text]<\/p>","protected":false},"excerpt":{"rendered":"<p>[vc_column_text pb_margin_bottom=&#8220;no&#8220; pb_border_bottom=&#8220;no&#8220; width=&#8220;1\/3&#8243; el_position=&#8220;first&#8220;] Be\u00e1ta Gerb\u00f3cov\u00e1 \u201eMala\u00a0som k dispoz\u00edcii 3 stoli\u010dky- bielu, \u010derven\u00fa a \u010diernu. P\u00e1vie ok\u00e1 a ich v\u00fdrazn\u00e1 farebnos\u0165 mi evokovali 3 r\u00f4zne \u017eensk\u00e9 charaktery, ktor\u00e9 som pracovne pomenovala &#8211; Biela &#8211; &#8222;Ne\u017en\u00e1&#8220;, \u010dierna &#8211; &#8222;No\u010dn\u00e1 kr\u00e1ska&#8220; a \u010derven\u00e1 -&#8222;Rock star&#8220;.\u00a0 T\u00fdmto n\u00e1zvom som vytvorila dez\u00e9ny, ktor\u00e9 vystihovali 3 \u017eensk\u00e9 osobnosti. Rozhodli [&hellip;]<\/p>","protected":false},"author":8,"featured_media":0,"comment_status":"closed","ping_status":"closed","sticky":false,"template":"","format":"standard","meta":{"footnotes":""},"categories":[634,896,809],"tags":[],"_links":{"self":[{"href":"https:\/\/www.bratislavadesignweek.sk\/en\/wp-json\/wp\/v2\/posts\/7710"}],"collection":[{"href":"https:\/\/www.bratislavadesignweek.sk\/en\/wp-json\/wp\/v2\/posts"}],"about":[{"href":"https:\/\/www.bratislavadesignweek.sk\/en\/wp-json\/wp\/v2\/types\/post"}],"author":[{"embeddable":true,"href":"https:\/\/www.bratislavadesignweek.sk\/en\/wp-json\/wp\/v2\/users\/8"}],"replies":[{"embeddable":true,"href":"https:\/\/www.bratislavadesignweek.sk\/en\/wp-json\/wp\/v2\/comments?post=7710"}],"version-history":[{"count":1,"href":"https:\/\/www.bratislavadesignweek.sk\/en\/wp-json\/wp\/v2\/posts\/7710\/revisions"}],"predecessor-version":[{"id":7713,"href":"https:\/\/www.bratislavadesignweek.sk\/en\/wp-json\/wp\/v2\/posts\/7710\/revisions\/7713"}],"wp:attachment":[{"href":"https:\/\/www.bratislavadesignweek.sk\/en\/wp-json\/wp\/v2\/media?parent=7710"}],"wp:term":[{"taxonomy":"category","embeddable":true,"href":"https:\/\/www.bratislavadesignweek.sk\/en\/wp-json\/wp\/v2\/categories?post=7710"},{"taxonomy":"post_tag","embeddable":true,"href":"https:\/\/www.bratislavadesignweek.sk\/en\/wp-json\/wp\/v2\/tags?post=7710"}],"curies":[{"name":"wp","href":"https:\/\/api.w.org\/{rel}","templated":true}]}}