{"id":7774,"date":"2018-05-14T15:51:00","date_gmt":"2018-05-14T14:51:00","guid":{"rendered":"http:\/\/www.bratislavadesignweek.sk\/?p=7774"},"modified":"2024-09-25T12:23:57","modified_gmt":"2024-09-25T10:23:57","slug":"hostia-odd-matter-studio-nl-blg","status":"publish","type":"post","link":"https:\/\/www.bratislavadesignweek.sk\/en\/hostia-odd-matter-studio-nl-blg\/","title":{"rendered":"Hostia \/ ODD MATTER studio (NL, BLG)"},"content":{"rendered":"<p>ODD MATTER tvor\u00ed dvojica dizajn\u00e9rov Holan\u010fanka Els Woldhek a\u00a0Bulhar Georgij Manassiev. Aktu\u00e1lne \u017eij\u00fa v\u00a0Holandsku, ale maj\u00fa za sebou \u0161t\u00fadium (RCA) a\u00a0\u017eivot v\u00a0Lond\u00fdne. Ve\u013emi vit\u00e1lne dizajn\u00e9rske \u0161t\u00fadio je poh\u00e1\u0148an\u00e9 zvedavos\u0165ou pre v\u0161etko zvl\u00e1\u0161tne a\u00a0n\u00e1dhern\u00e9. Z\u00e1kladom je v\u00fdskum, experiment, h\u013eadanie v\u00a0minulosti aj bud\u00facnosti. A\u00a0ve\u013ek\u00fd z\u00e1ujem o\u00a0povahu a\u00a0potenci\u00e1l materi\u00e1lov. Nov\u00fd produkt, m\u00f4\u017ee pod\u013ea nich vznikn\u00fa\u0165 aj ak\u00fdmsi nevinn\u00fdm\/neza\u0165a\u017een\u00fdm \u00a0poh\u013eadom na existuj\u00face procesy a\u00a0pojmy. ODD MATTER boli finalistami prest\u00ed\u017enej ceny Design Parade 10 vo Villa Noailles.<\/p>\n<p>http:\/\/oddmatterstudio.com\/<\/p>\n<figure id=\"attachment_7775\" aria-describedby=\"caption-attachment-7775\" style=\"width: 3150px\" class=\"wp-caption aligncenter\"><img fetchpriority=\"high\" decoding=\"async\" class=\"wp-image-7775 size-full\" src=\"http:\/\/www.bratislavadesignweek.sk\/wp-content\/uploads\/2018\/05\/Mass-4onwall.jpg\" alt=\"\" width=\"3150\" height=\"2100\" srcset=\"https:\/\/www.bratislavadesignweek.sk\/wp-content\/uploads\/2018\/05\/Mass-4onwall.jpg 3150w, https:\/\/www.bratislavadesignweek.sk\/wp-content\/uploads\/2018\/05\/Mass-4onwall-300x200.jpg 300w, https:\/\/www.bratislavadesignweek.sk\/wp-content\/uploads\/2018\/05\/Mass-4onwall-768x512.jpg 768w, https:\/\/www.bratislavadesignweek.sk\/wp-content\/uploads\/2018\/05\/Mass-4onwall-1024x683.jpg 1024w, https:\/\/www.bratislavadesignweek.sk\/wp-content\/uploads\/2018\/05\/Mass-4onwall-1280x853.jpg 1280w\" sizes=\"(max-width: 3150px) 100vw, 3150px\" \/><figcaption id=\"caption-attachment-7775\" class=\"wp-caption-text\">kolekcia MASS, materi\u00e1l granule korku a tvrd\u00e1 s\u00e1dra, 2016<\/figcaption><\/figure>\n<figure id=\"attachment_7777\" aria-describedby=\"caption-attachment-7777\" style=\"width: 2000px\" class=\"wp-caption aligncenter\"><img decoding=\"async\" class=\"wp-image-7777 size-full\" src=\"http:\/\/www.bratislavadesignweek.sk\/wp-content\/uploads\/2018\/05\/LShelf3-45d.jpg\" alt=\"\" width=\"2000\" height=\"1333\" srcset=\"https:\/\/www.bratislavadesignweek.sk\/wp-content\/uploads\/2018\/05\/LShelf3-45d.jpg 2000w, https:\/\/www.bratislavadesignweek.sk\/wp-content\/uploads\/2018\/05\/LShelf3-45d-300x200.jpg 300w, https:\/\/www.bratislavadesignweek.sk\/wp-content\/uploads\/2018\/05\/LShelf3-45d-768x512.jpg 768w, https:\/\/www.bratislavadesignweek.sk\/wp-content\/uploads\/2018\/05\/LShelf3-45d-1024x682.jpg 1024w, https:\/\/www.bratislavadesignweek.sk\/wp-content\/uploads\/2018\/05\/LShelf3-45d-1280x853.jpg 1280w\" sizes=\"(max-width: 2000px) 100vw, 2000px\" \/><figcaption id=\"caption-attachment-7777\" class=\"wp-caption-text\">porjekt Deposit, materi\u00e1l: jesmonite (eco-resin), 2014, 2015<\/figcaption><\/figure>\n<figure id=\"attachment_7776\" aria-describedby=\"caption-attachment-7776\" style=\"width: 2000px\" class=\"wp-caption aligncenter\"><img decoding=\"async\" class=\"wp-image-7776 size-full\" src=\"http:\/\/www.bratislavadesignweek.sk\/wp-content\/uploads\/2018\/05\/Deposit-samples.jpg\" alt=\"\" width=\"2000\" height=\"1333\" srcset=\"https:\/\/www.bratislavadesignweek.sk\/wp-content\/uploads\/2018\/05\/Deposit-samples.jpg 2000w, https:\/\/www.bratislavadesignweek.sk\/wp-content\/uploads\/2018\/05\/Deposit-samples-300x200.jpg 300w, https:\/\/www.bratislavadesignweek.sk\/wp-content\/uploads\/2018\/05\/Deposit-samples-768x512.jpg 768w, https:\/\/www.bratislavadesignweek.sk\/wp-content\/uploads\/2018\/05\/Deposit-samples-1024x682.jpg 1024w, https:\/\/www.bratislavadesignweek.sk\/wp-content\/uploads\/2018\/05\/Deposit-samples-1280x853.jpg 1280w\" sizes=\"(max-width: 2000px) 100vw, 2000px\" \/><figcaption id=\"caption-attachment-7776\" class=\"wp-caption-text\">Materi\u00e1lov\u00e9 vzorky pre kolekciu Deposit<\/figcaption><\/figure>","protected":false},"excerpt":{"rendered":"<p>ODD MATTER tvor\u00ed dvojica dizajn\u00e9rov Holan\u010fanka Els Woldhek a\u00a0Bulhar Georgij Manassiev. Aktu\u00e1lne \u017eij\u00fa v\u00a0Holandsku, ale maj\u00fa za sebou \u0161t\u00fadium (RCA) a\u00a0\u017eivot v\u00a0Lond\u00fdne. Ve\u013emi vit\u00e1lne dizajn\u00e9rske \u0161t\u00fadio je poh\u00e1\u0148an\u00e9 zvedavos\u0165ou pre v\u0161etko zvl\u00e1\u0161tne a\u00a0n\u00e1dhern\u00e9. Z\u00e1kladom je v\u00fdskum, experiment, h\u013eadanie v\u00a0minulosti aj bud\u00facnosti. A\u00a0ve\u013ek\u00fd z\u00e1ujem o\u00a0povahu a\u00a0potenci\u00e1l materi\u00e1lov. Nov\u00fd produkt, m\u00f4\u017ee pod\u013ea nich vznikn\u00fa\u0165 aj ak\u00fdmsi nevinn\u00fdm\/neza\u0165a\u017een\u00fdm [&hellip;]<\/p>","protected":false},"author":2,"featured_media":7778,"comment_status":"closed","ping_status":"closed","sticky":false,"template":"","format":"standard","meta":{"footnotes":""},"categories":[634,896],"tags":[],"_links":{"self":[{"href":"https:\/\/www.bratislavadesignweek.sk\/en\/wp-json\/wp\/v2\/posts\/7774"}],"collection":[{"href":"https:\/\/www.bratislavadesignweek.sk\/en\/wp-json\/wp\/v2\/posts"}],"about":[{"href":"https:\/\/www.bratislavadesignweek.sk\/en\/wp-json\/wp\/v2\/types\/post"}],"author":[{"embeddable":true,"href":"https:\/\/www.bratislavadesignweek.sk\/en\/wp-json\/wp\/v2\/users\/2"}],"replies":[{"embeddable":true,"href":"https:\/\/www.bratislavadesignweek.sk\/en\/wp-json\/wp\/v2\/comments?post=7774"}],"version-history":[{"count":1,"href":"https:\/\/www.bratislavadesignweek.sk\/en\/wp-json\/wp\/v2\/posts\/7774\/revisions"}],"predecessor-version":[{"id":7779,"href":"https:\/\/www.bratislavadesignweek.sk\/en\/wp-json\/wp\/v2\/posts\/7774\/revisions\/7779"}],"wp:featuredmedia":[{"embeddable":true,"href":"https:\/\/www.bratislavadesignweek.sk\/en\/wp-json\/wp\/v2\/media\/7778"}],"wp:attachment":[{"href":"https:\/\/www.bratislavadesignweek.sk\/en\/wp-json\/wp\/v2\/media?parent=7774"}],"wp:term":[{"taxonomy":"category","embeddable":true,"href":"https:\/\/www.bratislavadesignweek.sk\/en\/wp-json\/wp\/v2\/categories?post=7774"},{"taxonomy":"post_tag","embeddable":true,"href":"https:\/\/www.bratislavadesignweek.sk\/en\/wp-json\/wp\/v2\/tags?post=7774"}],"curies":[{"name":"wp","href":"https:\/\/api.w.org\/{rel}","templated":true}]}}