{"id":7780,"date":"2018-05-15T09:00:57","date_gmt":"2018-05-15T08:00:57","guid":{"rendered":"http:\/\/www.bratislavadesignweek.sk\/?p=7780"},"modified":"2024-09-25T12:23:57","modified_gmt":"2024-09-25T10:23:57","slug":"vermigo","status":"publish","type":"post","link":"https:\/\/www.bratislavadesignweek.sk\/en\/vermigo\/","title":{"rendered":"VermiGo"},"content":{"rendered":"<p>[vc_column_text pb_margin_bottom=&#8220;no&#8220; pb_border_bottom=&#8220;no&#8220; width=&#8220;1\/3&#8243; el_position=&#8220;first&#8220;]<\/p>\n<p>&nbsp;<\/p>\n<h2><strong>VermiGo <\/strong><\/h2>\n<p>&nbsp;<\/p>\n<h5><strong>\u00a0Va\u0161a dom\u00e1ca o\u00e1za<\/strong><\/h5>\n<p>VermiGo je jedine\u010dn\u00e1 kombin\u00e1cia vermikompost\u00e9ra a vertik\u00e1lnej z\u00e1hrady. Prostredn\u00edctvom procesu vermikompostovania (kompostovanie pomocou d\u00e1\u017e\u010foviek), VermiGo umo\u017e\u0148uje premenu organick\u00e9ho odpadu na kompost bohat\u00fd na \u017eiviny. Na rozdiel od tradi\u010dn\u00fdch vermikompost\u00e9rov, VermiGo umo\u017e\u0148uje pestovanie byliniek, ovocia, zeleniny \u010di ozdobn\u00fdch rastl\u00edn priamo vo vstavanej vertik\u00e1lnej z\u00e1hrade. Korene rastl\u00edn tak dok\u00e1\u017eu \u010derpa\u0165 organick\u00e9 \u017eiviny z \u010derstv\u00e9ho kompostu, \u010do podporuje ich zdravie a r\u00fdchly rast. VermiGo je vyroben\u00fd z vysoko kvalitnej nerezovej ocele. To garantuje jeho vysok\u00fa \u017eivotnos\u0165. V\u010faka svojmu minimalistick\u00e9mu dizajnu esteticky skr\u00e1\u0161li V\u00e1\u0161 balk\u00f3n, terasu alebo kuchy\u0148u a V\u00e1\u0161 zodpovedn\u00fd pr\u00edstup k \u017eivotn\u00e9mu prostrediu odmen\u00ed bohatou a svie\u017eou o\u00e1zou.<\/p>\n<p>&nbsp;<\/p>\n<p>VermiGo bolo navrhnut\u00e9 a vyvinut\u00e9 v Budape\u0161ti a jeho autormi s\u00fa Marian Balko (SVK) a Keeler Asheesh Ranvig (USA\/HUN)<br \/>\nViac info: <a class=\"m_-8381006686730991830moz-txt-link-abbreviated\" href=\"http:\/\/www.vermigo.com\" target=\"_blank\" rel=\"noopener noreferrer\" data-saferedirecturl=\"https:\/\/www.google.com\/url?hl=sk&amp;q=http:\/\/www.vermigo.com&amp;source=gmail&amp;ust=1526995794908000&amp;usg=AFQjCNEu-EDpGLH3GFl_kIQBr_V-Bu3yaQ\">www.vermigo.com<\/a><br \/>\nPredpredaj: Leto 2018<\/p>\n<p>[\/vc_column_text] [vc_column_text pb_margin_bottom=&#8220;no&#8220; pb_border_bottom=&#8220;no&#8220; width=&#8220;1\/2&#8243; el_position=&#8220;last&#8220;]<\/p>\n<p>&nbsp;<\/p>\n<p><a href=\"http:\/\/www.bratislavadesignweek.sk\/wp-content\/uploads\/2018\/05\/vermigo_balcony_logo_s-\u2013-k\u00f3pia.jpg\"><img fetchpriority=\"high\" decoding=\"async\" class=\"alignnone size-medium wp-image-7784\" src=\"http:\/\/www.bratislavadesignweek.sk\/wp-content\/uploads\/2018\/05\/vermigo_balcony_logo_s-\u2013-k\u00f3pia-300x200.jpg\" alt=\"\" width=\"300\" height=\"200\" srcset=\"https:\/\/www.bratislavadesignweek.sk\/wp-content\/uploads\/2018\/05\/vermigo_balcony_logo_s-\u2013-k\u00f3pia-300x200.jpg 300w, https:\/\/www.bratislavadesignweek.sk\/wp-content\/uploads\/2018\/05\/vermigo_balcony_logo_s-\u2013-k\u00f3pia-768x512.jpg 768w, https:\/\/www.bratislavadesignweek.sk\/wp-content\/uploads\/2018\/05\/vermigo_balcony_logo_s-\u2013-k\u00f3pia-1024x683.jpg 1024w, https:\/\/www.bratislavadesignweek.sk\/wp-content\/uploads\/2018\/05\/vermigo_balcony_logo_s-\u2013-k\u00f3pia-1280x853.jpg 1280w\" sizes=\"(max-width: 300px) 100vw, 300px\" \/><\/a> <a href=\"http:\/\/www.bratislavadesignweek.sk\/wp-content\/uploads\/2018\/05\/vermigo_detail-\u2013-k\u00f3pia.jpg\"><img decoding=\"async\" class=\"alignnone size-medium wp-image-7783\" src=\"http:\/\/www.bratislavadesignweek.sk\/wp-content\/uploads\/2018\/05\/vermigo_detail-\u2013-k\u00f3pia-300x200.jpg\" alt=\"\" width=\"300\" height=\"200\" srcset=\"https:\/\/www.bratislavadesignweek.sk\/wp-content\/uploads\/2018\/05\/vermigo_detail-\u2013-k\u00f3pia-300x200.jpg 300w, https:\/\/www.bratislavadesignweek.sk\/wp-content\/uploads\/2018\/05\/vermigo_detail-\u2013-k\u00f3pia-768x512.jpg 768w, https:\/\/www.bratislavadesignweek.sk\/wp-content\/uploads\/2018\/05\/vermigo_detail-\u2013-k\u00f3pia-1024x683.jpg 1024w, https:\/\/www.bratislavadesignweek.sk\/wp-content\/uploads\/2018\/05\/vermigo_detail-\u2013-k\u00f3pia-1280x853.jpg 1280w\" sizes=\"(max-width: 300px) 100vw, 300px\" \/><\/a> <a href=\"http:\/\/www.bratislavadesignweek.sk\/wp-content\/uploads\/2018\/05\/vermigo_white-\u2013-k\u00f3pia.jpg\"><img decoding=\"async\" class=\"alignnone size-medium wp-image-7782\" src=\"http:\/\/www.bratislavadesignweek.sk\/wp-content\/uploads\/2018\/05\/vermigo_white-\u2013-k\u00f3pia-300x200.jpg\" alt=\"\" width=\"300\" height=\"200\" srcset=\"https:\/\/www.bratislavadesignweek.sk\/wp-content\/uploads\/2018\/05\/vermigo_white-\u2013-k\u00f3pia-300x200.jpg 300w, https:\/\/www.bratislavadesignweek.sk\/wp-content\/uploads\/2018\/05\/vermigo_white-\u2013-k\u00f3pia-768x512.jpg 768w, https:\/\/www.bratislavadesignweek.sk\/wp-content\/uploads\/2018\/05\/vermigo_white-\u2013-k\u00f3pia-1024x683.jpg 1024w, https:\/\/www.bratislavadesignweek.sk\/wp-content\/uploads\/2018\/05\/vermigo_white-\u2013-k\u00f3pia-1280x853.jpg 1280w\" sizes=\"(max-width: 300px) 100vw, 300px\" \/><\/a> <a href=\"http:\/\/www.bratislavadesignweek.sk\/wp-content\/uploads\/2018\/05\/vermigo_parts.png\"><img loading=\"lazy\" decoding=\"async\" class=\"alignnone size-medium wp-image-7781\" src=\"http:\/\/www.bratislavadesignweek.sk\/wp-content\/uploads\/2018\/05\/vermigo_parts-300x200.png\" alt=\"\" width=\"300\" height=\"200\" srcset=\"https:\/\/www.bratislavadesignweek.sk\/wp-content\/uploads\/2018\/05\/vermigo_parts-300x200.png 300w, https:\/\/www.bratislavadesignweek.sk\/wp-content\/uploads\/2018\/05\/vermigo_parts-768x512.png 768w, https:\/\/www.bratislavadesignweek.sk\/wp-content\/uploads\/2018\/05\/vermigo_parts-1024x683.png 1024w, https:\/\/www.bratislavadesignweek.sk\/wp-content\/uploads\/2018\/05\/vermigo_parts-1280x853.png 1280w\" sizes=\"(max-width: 300px) 100vw, 300px\" \/><\/a><\/p>\n<p>&nbsp;<\/p>\n<p>[\/vc_column_text]<\/p>","protected":false},"excerpt":{"rendered":"<p>[vc_column_text pb_margin_bottom=&#8220;no&#8220; pb_border_bottom=&#8220;no&#8220; width=&#8220;1\/3&#8243; el_position=&#8220;first&#8220;] &nbsp; VermiGo &nbsp; \u00a0Va\u0161a dom\u00e1ca o\u00e1za VermiGo je jedine\u010dn\u00e1 kombin\u00e1cia vermikompost\u00e9ra a vertik\u00e1lnej z\u00e1hrady. Prostredn\u00edctvom procesu vermikompostovania (kompostovanie pomocou d\u00e1\u017e\u010foviek), VermiGo umo\u017e\u0148uje premenu organick\u00e9ho odpadu na kompost bohat\u00fd na \u017eiviny. Na rozdiel od tradi\u010dn\u00fdch vermikompost\u00e9rov, VermiGo umo\u017e\u0148uje pestovanie byliniek, ovocia, zeleniny \u010di ozdobn\u00fdch rastl\u00edn priamo vo vstavanej vertik\u00e1lnej z\u00e1hrade. Korene [&hellip;]<\/p>","protected":false},"author":8,"featured_media":0,"comment_status":"closed","ping_status":"closed","sticky":false,"template":"","format":"standard","meta":{"footnotes":""},"categories":[634,896,809],"tags":[],"_links":{"self":[{"href":"https:\/\/www.bratislavadesignweek.sk\/en\/wp-json\/wp\/v2\/posts\/7780"}],"collection":[{"href":"https:\/\/www.bratislavadesignweek.sk\/en\/wp-json\/wp\/v2\/posts"}],"about":[{"href":"https:\/\/www.bratislavadesignweek.sk\/en\/wp-json\/wp\/v2\/types\/post"}],"author":[{"embeddable":true,"href":"https:\/\/www.bratislavadesignweek.sk\/en\/wp-json\/wp\/v2\/users\/8"}],"replies":[{"embeddable":true,"href":"https:\/\/www.bratislavadesignweek.sk\/en\/wp-json\/wp\/v2\/comments?post=7780"}],"version-history":[{"count":3,"href":"https:\/\/www.bratislavadesignweek.sk\/en\/wp-json\/wp\/v2\/posts\/7780\/revisions"}],"predecessor-version":[{"id":8206,"href":"https:\/\/www.bratislavadesignweek.sk\/en\/wp-json\/wp\/v2\/posts\/7780\/revisions\/8206"}],"wp:attachment":[{"href":"https:\/\/www.bratislavadesignweek.sk\/en\/wp-json\/wp\/v2\/media?parent=7780"}],"wp:term":[{"taxonomy":"category","embeddable":true,"href":"https:\/\/www.bratislavadesignweek.sk\/en\/wp-json\/wp\/v2\/categories?post=7780"},{"taxonomy":"post_tag","embeddable":true,"href":"https:\/\/www.bratislavadesignweek.sk\/en\/wp-json\/wp\/v2\/tags?post=7780"}],"curies":[{"name":"wp","href":"https:\/\/api.w.org\/{rel}","templated":true}]}}