{"id":7788,"date":"2018-05-16T10:00:20","date_gmt":"2018-05-16T09:00:20","guid":{"rendered":"http:\/\/www.bratislavadesignweek.sk\/?p=7788"},"modified":"2024-09-25T12:23:57","modified_gmt":"2024-09-25T10:23:57","slug":"jan-janos-3","status":"publish","type":"post","link":"https:\/\/www.bratislavadesignweek.sk\/en\/jan-janos-3\/","title":{"rendered":"J\u00e1n Janos"},"content":{"rendered":"<p>[vc_column_text pb_margin_bottom=&#8220;no&#8220; pb_border_bottom=&#8220;no&#8220; width=&#8220;1\/3&#8243; el_position=&#8220;first&#8220;]<\/p>\n<h2>J\u00e1n Janos<\/h2>\n<h5>Ateli\u00e9r HORA<\/h5>\n<p>Kolekcia s\u00a0n\u00e1zvom Hora predstavuje s\u00e9riu strieborn\u00fdch prste\u0148ov. Prezentuje fikt\u00edvne \u201epr\u00edrodn\u00e9 priestranstvo\u201c,\u00a0 ktor\u00e9 sa nach\u00e1dza za dverami ateli\u00e9ru. Dlhodobo sa kolekcia roz\u0161iruje o\u00a0solit\u00e9rne k\u00fasky, ktor\u00e9 vych\u00e1dzaj\u00fa z\u00a0n\u00e1ro\u010dn\u00fdch v\u00fdprav. Hora je t\u00e9ma, ktor\u00e1 vych\u00e1dza z\u00a0vysokohorsk\u00e9ho prostredia a \u017eivotn\u00e9ho \u0161t\u00fdlu. In\u0161tal\u00e1cia na BADW\u00a0 by mala predstavi\u0165 najnov\u0161ie k\u00fasky tohto dlhodob\u00e9ho projektu. Pon\u00faknu\u0165 div\u00e1kom zapoji\u0165 sa do procesu v\u00fdpravy a\u00a0h\u013eadania toho spr\u00e1vneho tvaru prste\u0148a<\/p>\n<p>&nbsp;<\/p>\n<p>[\/vc_column_text] [vc_column_text pb_margin_bottom=&#8220;no&#8220; pb_border_bottom=&#8220;no&#8220; width=&#8220;1\/2&#8243; el_position=&#8220;last&#8220;]<\/p>\n<p>&nbsp;<\/p>\n<p><a href=\"http:\/\/www.bratislavadesignweek.sk\/wp-content\/uploads\/2018\/05\/008.jpg\"><img fetchpriority=\"high\" decoding=\"async\" class=\"alignnone size-medium wp-image-7794\" src=\"http:\/\/www.bratislavadesignweek.sk\/wp-content\/uploads\/2018\/05\/008-200x300.jpg\" alt=\"\" width=\"200\" height=\"300\" srcset=\"https:\/\/www.bratislavadesignweek.sk\/wp-content\/uploads\/2018\/05\/008-200x300.jpg 200w, https:\/\/www.bratislavadesignweek.sk\/wp-content\/uploads\/2018\/05\/008-768x1150.jpg 768w, https:\/\/www.bratislavadesignweek.sk\/wp-content\/uploads\/2018\/05\/008-684x1024.jpg 684w, https:\/\/www.bratislavadesignweek.sk\/wp-content\/uploads\/2018\/05\/008-1280x1917.jpg 1280w\" sizes=\"(max-width: 200px) 100vw, 200px\" \/><\/a> <a href=\"http:\/\/www.bratislavadesignweek.sk\/wp-content\/uploads\/2018\/05\/005.jpg\"><img decoding=\"async\" class=\"alignnone size-medium wp-image-7793\" src=\"http:\/\/www.bratislavadesignweek.sk\/wp-content\/uploads\/2018\/05\/005-200x300.jpg\" alt=\"\" width=\"200\" height=\"300\" srcset=\"https:\/\/www.bratislavadesignweek.sk\/wp-content\/uploads\/2018\/05\/005-200x300.jpg 200w, https:\/\/www.bratislavadesignweek.sk\/wp-content\/uploads\/2018\/05\/005-768x1151.jpg 768w, https:\/\/www.bratislavadesignweek.sk\/wp-content\/uploads\/2018\/05\/005-684x1024.jpg 684w, https:\/\/www.bratislavadesignweek.sk\/wp-content\/uploads\/2018\/05\/005-1280x1918.jpg 1280w, https:\/\/www.bratislavadesignweek.sk\/wp-content\/uploads\/2018\/05\/005.jpg 1367w\" sizes=\"(max-width: 200px) 100vw, 200px\" \/><\/a> <a href=\"http:\/\/www.bratislavadesignweek.sk\/wp-content\/uploads\/2018\/05\/004.jpg\"><img decoding=\"async\" class=\"alignnone size-medium wp-image-7792\" src=\"http:\/\/www.bratislavadesignweek.sk\/wp-content\/uploads\/2018\/05\/004-200x300.jpg\" alt=\"\" width=\"200\" height=\"300\" srcset=\"https:\/\/www.bratislavadesignweek.sk\/wp-content\/uploads\/2018\/05\/004-200x300.jpg 200w, https:\/\/www.bratislavadesignweek.sk\/wp-content\/uploads\/2018\/05\/004-768x1150.jpg 768w, https:\/\/www.bratislavadesignweek.sk\/wp-content\/uploads\/2018\/05\/004-684x1024.jpg 684w, https:\/\/www.bratislavadesignweek.sk\/wp-content\/uploads\/2018\/05\/004-1280x1917.jpg 1280w\" sizes=\"(max-width: 200px) 100vw, 200px\" \/><\/a> <a href=\"http:\/\/www.bratislavadesignweek.sk\/wp-content\/uploads\/2018\/05\/003.jpg\"><img loading=\"lazy\" decoding=\"async\" class=\"alignnone size-medium wp-image-7791\" src=\"http:\/\/www.bratislavadesignweek.sk\/wp-content\/uploads\/2018\/05\/003-200x300.jpg\" alt=\"\" width=\"200\" height=\"300\" srcset=\"https:\/\/www.bratislavadesignweek.sk\/wp-content\/uploads\/2018\/05\/003-200x300.jpg 200w, https:\/\/www.bratislavadesignweek.sk\/wp-content\/uploads\/2018\/05\/003-768x1151.jpg 768w, https:\/\/www.bratislavadesignweek.sk\/wp-content\/uploads\/2018\/05\/003-684x1024.jpg 684w, https:\/\/www.bratislavadesignweek.sk\/wp-content\/uploads\/2018\/05\/003-1280x1918.jpg 1280w, https:\/\/www.bratislavadesignweek.sk\/wp-content\/uploads\/2018\/05\/003.jpg 1367w\" sizes=\"(max-width: 200px) 100vw, 200px\" \/><\/a> <a href=\"http:\/\/www.bratislavadesignweek.sk\/wp-content\/uploads\/2018\/05\/002.jpg\"><img loading=\"lazy\" decoding=\"async\" class=\"alignnone size-medium wp-image-7790\" src=\"http:\/\/www.bratislavadesignweek.sk\/wp-content\/uploads\/2018\/05\/002-200x300.jpg\" alt=\"\" width=\"200\" height=\"300\" srcset=\"https:\/\/www.bratislavadesignweek.sk\/wp-content\/uploads\/2018\/05\/002-200x300.jpg 200w, https:\/\/www.bratislavadesignweek.sk\/wp-content\/uploads\/2018\/05\/002-768x1150.jpg 768w, https:\/\/www.bratislavadesignweek.sk\/wp-content\/uploads\/2018\/05\/002-684x1024.jpg 684w, https:\/\/www.bratislavadesignweek.sk\/wp-content\/uploads\/2018\/05\/002-1280x1917.jpg 1280w\" sizes=\"(max-width: 200px) 100vw, 200px\" \/><\/a> <a href=\"http:\/\/www.bratislavadesignweek.sk\/wp-content\/uploads\/2018\/05\/000.jpg\"><img loading=\"lazy\" decoding=\"async\" class=\"alignnone size-medium wp-image-7789\" src=\"http:\/\/www.bratislavadesignweek.sk\/wp-content\/uploads\/2018\/05\/000-200x300.jpg\" alt=\"\" width=\"200\" height=\"300\" srcset=\"https:\/\/www.bratislavadesignweek.sk\/wp-content\/uploads\/2018\/05\/000-200x300.jpg 200w, https:\/\/www.bratislavadesignweek.sk\/wp-content\/uploads\/2018\/05\/000-768x1150.jpg 768w, https:\/\/www.bratislavadesignweek.sk\/wp-content\/uploads\/2018\/05\/000-684x1024.jpg 684w, https:\/\/www.bratislavadesignweek.sk\/wp-content\/uploads\/2018\/05\/000-1280x1917.jpg 1280w\" sizes=\"(max-width: 200px) 100vw, 200px\" \/><\/a><\/p>\n<p>&nbsp;<\/p>\n<p>[\/vc_column_text]<\/p>","protected":false},"excerpt":{"rendered":"<p>[vc_column_text pb_margin_bottom=&#8220;no&#8220; pb_border_bottom=&#8220;no&#8220; width=&#8220;1\/3&#8243; el_position=&#8220;first&#8220;] J\u00e1n J\u00e1no\u0161 Ateli\u00e9r HORA Kolekcia s\u00a0n\u00e1zvom Hora predstavuje s\u00e9riu strieborn\u00fdch prste\u0148ov. Prezentuje fikt\u00edvne \u201epr\u00edrodn\u00e9 priestranstvo\u201c,\u00a0 ktor\u00e9 sa nach\u00e1dza za dverami ateli\u00e9ru. Dlhodobo sa kolekcia roz\u0161iruje o\u00a0solit\u00e9rne k\u00fasky, ktor\u00e9 vych\u00e1dzaj\u00fa z\u00a0n\u00e1ro\u010dn\u00fdch v\u00fdprav. Hora je t\u00e9ma, ktor\u00e1 vych\u00e1dza z\u00a0vysokohorsk\u00e9ho prostredia a \u017eivotn\u00e9ho \u0161t\u00fdlu. In\u0161tal\u00e1cia na BADW\u00a0 by mala predstavi\u0165 najnov\u0161ie k\u00fasky tohto [&hellip;]<\/p>","protected":false},"author":8,"featured_media":0,"comment_status":"closed","ping_status":"closed","sticky":false,"template":"","format":"standard","meta":{"footnotes":""},"categories":[634,896,809],"tags":[],"_links":{"self":[{"href":"https:\/\/www.bratislavadesignweek.sk\/en\/wp-json\/wp\/v2\/posts\/7788"}],"collection":[{"href":"https:\/\/www.bratislavadesignweek.sk\/en\/wp-json\/wp\/v2\/posts"}],"about":[{"href":"https:\/\/www.bratislavadesignweek.sk\/en\/wp-json\/wp\/v2\/types\/post"}],"author":[{"embeddable":true,"href":"https:\/\/www.bratislavadesignweek.sk\/en\/wp-json\/wp\/v2\/users\/8"}],"replies":[{"embeddable":true,"href":"https:\/\/www.bratislavadesignweek.sk\/en\/wp-json\/wp\/v2\/comments?post=7788"}],"version-history":[{"count":1,"href":"https:\/\/www.bratislavadesignweek.sk\/en\/wp-json\/wp\/v2\/posts\/7788\/revisions"}],"predecessor-version":[{"id":7797,"href":"https:\/\/www.bratislavadesignweek.sk\/en\/wp-json\/wp\/v2\/posts\/7788\/revisions\/7797"}],"wp:attachment":[{"href":"https:\/\/www.bratislavadesignweek.sk\/en\/wp-json\/wp\/v2\/media?parent=7788"}],"wp:term":[{"taxonomy":"category","embeddable":true,"href":"https:\/\/www.bratislavadesignweek.sk\/en\/wp-json\/wp\/v2\/categories?post=7788"},{"taxonomy":"post_tag","embeddable":true,"href":"https:\/\/www.bratislavadesignweek.sk\/en\/wp-json\/wp\/v2\/tags?post=7788"}],"curies":[{"name":"wp","href":"https:\/\/api.w.org\/{rel}","templated":true}]}}